{"id":499698,"date":"2026-09-06T21:00:01","date_gmt":"2026-09-06T19:00:01","guid":{"rendered":"https:\/\/www.tipico.de\/wett-tipps\/sportwetten-news\/?p=499698"},"modified":"2026-09-06T21:00:01","modified_gmt":"2026-09-06T19:00:01","slug":"15-etappe-der-vuelta-ergebnisse-und-gesamtwertung-im-ueberblick","status":"publish","type":"post","link":"https:\/\/www.tipico.de\/wett-tipps\/sportwetten-news\/15-etappe-der-vuelta-ergebnisse-und-gesamtwertung-im-ueberblick","title":{"rendered":"15. Etappe der Vuelta: Ergebnisse und Gesamtwertung im \u00dcberblick"},"content":{"rendered":"<p>Vuelte-News beim <a href=\"https:\/\/www.tipico.de\/wett-tipps\/sportwetten-news\/category\/sport-heute\">Sport heute<\/a>: Eine Woche ist bei der Vuelta A Espana noch zu bew\u00e4ltigen. Am Sonntag holte sich der Belgier <strong>Wout van Aerten<\/strong> den Tagessieg. Sein Landsmann Thibaut Nys landete als Dritter ebenso auf dem Treppchen wie der Italiener Alessio Romele auf Rang zwei. Bei Temperaturen von \u00fcber 40 Grad Celsius verteidigte der Spanier Enric Mas das Rote Trikot auf den Weg nach Cordoba erfolgreich. Montag gibt es den zweiten Ruhetag.<\/p>\n<p>Deutschlands <strong>Marco Brenner<\/strong> tauchte bei der 15. Etappe der Vuelta komplett ab. Am Samstag hatte er noch die 14. Teilstrecke in Sierra de la Pandera gewonnen. Am Dienstag (8. September 2026) geht es mit der 16. Etappe weiter. 181,1 Kilometer f\u00fchren die Fahrer dann Cortegana nach La Rabida. Die Vuelta endet n\u00e4chstes Wochenende (13. September) schlie\u00dflich in Granada.<\/p>\n<h2>Vuelta 2026: Die Top 10 der 15. Etappe<\/h2>\n<table style=\"border-collapse: collapse; width: 100%;\" border=\"1\" cellspacing=\"0\" cellpadding=\"6\">\n<thead>\n<tr>\n<th>Pl.<\/th>\n<th>Fahrer<\/th>\n<th>Team<\/th>\n<th>Zeit<\/th>\n<\/tr>\n<\/thead>\n<tbody>\n<tr>\n<td>1<\/td>\n<td>Wout van Aert<\/td>\n<td>Team Visma Lease a Bike<\/td>\n<td>2:35:00<\/td>\n<\/tr>\n<tr>\n<td>2<\/td>\n<td>Alessio Romele<\/td>\n<td>XDS Astana Team<\/td>\n<td>+0:00<\/td>\n<\/tr>\n<tr>\n<td>3<\/td>\n<td>Thibau Nys<\/td>\n<td>Lidl Trek<\/td>\n<td>+0:00<\/td>\n<\/tr>\n<tr>\n<td>4<\/td>\n<td>Ramses Debruyne<\/td>\n<td>Alpecin Premier Tech<\/td>\n<td>+2<\/td>\n<\/tr>\n<tr>\n<td>5<\/td>\n<td>Andreas Leknessund<\/td>\n<td>Uno-X Mobility<\/td>\n<td>+2<\/td>\n<\/tr>\n<tr>\n<td>6<\/td>\n<td>Alessandro Covl<\/td>\n<td>Team Jayco AlUla<\/td>\n<td>+58<\/td>\n<\/tr>\n<tr>\n<td>7<\/td>\n<td>Bastien Tronchon<\/td>\n<td>Groupama FDJ United<\/td>\n<td>+58<\/td>\n<\/tr>\n<tr>\n<td>8<\/td>\n<td>Henok Mulubrhan<\/td>\n<td>XDS Astana Team<\/td>\n<td>+58<\/td>\n<\/tr>\n<tr>\n<td>9<\/td>\n<td>Stefan K\u00fcng<\/td>\n<td>Tudor Pro Cycling Team<\/td>\n<td>+58<\/td>\n<\/tr>\n<tr>\n<td>10<\/td>\n<td>Ivo Oliveira<\/td>\n<td>UAE Team Emirates XRG<\/td>\n<td>+58<\/td>\n<\/tr>\n<\/tbody>\n<\/table>\n<h2>Vuelta 2026: Das Gesamtklassement nach der 15. Etappe<\/h2>\n<p>In der Gesamtwertung liegt der Spanier <strong>Enric Mas<\/strong> mit etwas mehr als zwei Minuten Vorsprung vorne. Der \u00d6sterreicher Felix Gall (+2:06 Minuten) und Primoz Roglic (+2:10) sitzen ihm im Nacken und jagen das Rote Trikot. Das wiederum tr\u00e4gt Mas seit der achten Etappe, also jener folgenschweren, als Radprofi und Superstar Tadej Pogacar nach seinem schweren Sturz verletzt ausscheiden musste.<\/p>\n<p><a title=\"Folge uns auf Google\" href=\"https:\/\/www.google.com\/preferences\/source?q=tipico.de\" target=\"_blank\" rel=\"noopener\">\n<picture><img loading=\"lazy\" decoding=\"async\" src=\"https:\/\/www.tipico.de\/wett-tipps\/wp-content\/uploads\/2026\/05\/google_preferred_source_badge_dark_DE@2x.png\" alt=\"Folge uns auf Google\" width=\"338\" height=\"107\" \/><\/picture><\/a><\/p>\n<p><em>Bei Tipico findest du detaillierte <a href=\"https:\/\/www.tipico.de\/wett-tipps\/sportwetten-tipps\">Sportwetten Tipps<\/a> und passende <a href=\"https:\/\/sports.tipico.de\/v1\/tpapi\/ctfes\/redirect?campaignId=a4krlorh&amp;target=https:\/\/sports.tipico.de\/de\">Sportwetten<\/a>! \u00dcbrigens: Hast du schon von <a href=\"https:\/\/www.tipico.de\/wett-tipps\/tipico-million\">Tipico Million<\/a> geh\u00f6rt? Weitere Nachrichten gibt es bei unseren <a href=\"https:\/\/www.tipico.de\/wett-tipps\/sport-news\">Sport News<\/a>, unseren Content mit <a href=\"https:\/\/sports.tipico.de\/v1\/tpapi\/ctfes\/redirect?campaignId=a4krlorh&amp;target=https:\/\/sports.tipico.de\/de\">Sportwetten<\/a>-Bezug liefern wir dir bei den <a href=\"https:\/\/www.tipico.de\/wett-tipps\/sportwetten-news\">Sportwetten News<\/a>.<\/em><\/p>\n<h3>Wett Tipps heute: Tipps &amp; Quoten<\/h3>\n\n\t        <div class=\"b-table--tips\">\n            <div class=\"table-body\">\n\t\t\t\t\t\t\t\t\t                    <div class=\"table-cell\">\n                        <div class=\"table-cell__info\">\n                            <h4 class=\"table-cell__title\">Basketball WM Damen: T\u00fcrkei - Australien <\/h4>\n                            <small class=\"table-cell__date\">06.09.2026, 11:30 Uhr - Uber Arena<\/small>\n                        <\/div>\n\n                        <a href=\"https:\/\/sports.tipico.de\/v1\/tpapi\/ctfes\/redirect?campaignId=ordauw6x&#038;target=https:\/\/sports.tipico.de\/de\/alle\/2101\/2502410\/virtual_basketballFIBAWMWomenGruppenspiele\" target=\"_blank\" class=\"table-cell__tip btn btn-odds\">\n                            <div class=\"tip-caption\">\n\t\t\t\t\t\t\t\t\u00dcber 147,5 Punkte                            <\/div>\n                            <div class=\"tip-value\">\n\t\t\t\t\t\t\t\t1,80                                <script type=\"application\/ld+json\">\n                                    {\n                                        \"@context\": \"https:\/\/schema.org\",\n                                        \"@type\": \"SportsEvent\",\n                                        \"name\": \"Basketball WM Damen: T\u00fcrkei - Australien\",\n                                        \"location\": {\n                                        \"@type\": \"Place\",\n                                        \"name\": \"Uber Arena\",\n                                        \"address\": \"Uber Arena\"\n                                        },\n                                        \"startDate\": \"2026-09-06T11:30:00+00:00\"\n                                    }\n\n\n                                <\/script>\n                            <\/div>\n                        <\/a>\n\n                    <\/div>\n\t\t\t\t\t\t\t\t\t                    <div class=\"table-cell\">\n                        <div class=\"table-cell__info\">\n                            <h4 class=\"table-cell__title\">Vuelta a Espana - 15. Etappe<\/h4>\n                            <small class=\"table-cell__date\">06.09.2026, 12:35 Uhr - Palma del R\u00edo \u2013 C\u00f3rdoba-> 189,7 km<\/small>\n                        <\/div>\n\n                        <a href=\"https:\/\/sports.tipico.de\/v1\/tpapi\/ctfes\/redirect?campaignId=hsrrjmxn&#038;target=https:\/\/sports.tipico.de\/de\/alle\/radsport\/vuelta-a-espana\" target=\"_blank\" class=\"table-cell__tip btn btn-odds\">\n                            <div class=\"tip-caption\">\n\t\t\t\t\t\t\t\tSieg E. Mas Nicolau                            <\/div>\n                            <div class=\"tip-value\">\n\t\t\t\t\t\t\t\t1,20                                <script type=\"application\/ld+json\">\n                                    {\n                                        \"@context\": \"https:\/\/schema.org\",\n                                        \"@type\": \"SportsEvent\",\n                                        \"name\": \"Vuelta a Espana - 15. Etappe\",\n                                        \"location\": {\n                                        \"@type\": \"Place\",\n                                        \"name\": \"Palma del R\u00edo \u2013 C\u00f3rdoba-&gt; 189,7 km\",\n                                        \"address\": \"Palma del R\u00edo \u2013 C\u00f3rdoba-&gt; 189,7 km\"\n                                        },\n                                        \"startDate\": \"2026-09-06T12:35:00+00:00\"\n                                    }\n\n\n                                <\/script>\n                            <\/div>\n                        <\/a>\n\n                    <\/div>\n\t\t\t\t\t\t\t\t\t                    <div class=\"table-cell\">\n                        <div class=\"table-cell__info\">\n                            <h4 class=\"table-cell__title\">Vuelta a Espana - 15. Etappe<\/h4>\n                            <small class=\"table-cell__date\">06.09.2026, 12:35 Uhr - Palma del R\u00edo \u2013 C\u00f3rdoba-> 189,7 km<\/small>\n                        <\/div>\n\n                        <a href=\"https:\/\/sports.tipico.de\/v1\/tpapi\/ctfes\/redirect?campaignId=hsrrjmxn&#038;target=https:\/\/sports.tipico.de\/de\/alle\/radsport\/vuelta-a-espana\" target=\"_blank\" class=\"table-cell__tip btn btn-odds\">\n                            <div class=\"tip-caption\">\n\t\t\t\t\t\t\t\tPlatz 1-3 P. Roglic                            <\/div>\n                            <div class=\"tip-value\">\n\t\t\t\t\t\t\t\t                                <script type=\"application\/ld+json\">\n                                    {\n                                        \"@context\": \"https:\/\/schema.org\",\n                                        \"@type\": \"SportsEvent\",\n                                        \"name\": \"Vuelta a Espana - 15. Etappe\",\n                                        \"location\": {\n                                        \"@type\": \"Place\",\n                                        \"name\": \"Palma del R\u00edo \u2013 C\u00f3rdoba-&gt; 189,7 km\",\n                                        \"address\": \"Palma del R\u00edo \u2013 C\u00f3rdoba-&gt; 189,7 km\"\n                                        },\n                                        \"startDate\": \"2026-09-06T12:35:00+00:00\"\n                                    }\n\n\n                                <\/script>\n                            <\/div>\n                        <\/a>\n\n                    <\/div>\n\t\t\t\t\t\t\t\t\t                    <div class=\"table-cell\">\n                        <div class=\"table-cell__info\">\n                            <h4 class=\"table-cell__title\">FA G\u00f6ppingen - THW Kiel<\/h4>\n                            <small class=\"table-cell__date\">06.09.2026, 15:00 Uhr - EWS Arena<\/small>\n                        <\/div>\n\n                        <a href=\"https:\/\/sports.tipico.de\/v1\/tpapi\/ctfes\/redirect?campaignId=cxctkatt&#038;target=https:\/\/sports.tipico.de\/de\/alle\/handball\/deutschland\/bundesliga\" target=\"_blank\" class=\"table-cell__tip btn btn-odds\">\n                            <div class=\"tip-caption\">\n\t\t\t\t\t\t\t\t\u00dcber 59,5 Tore                            <\/div>\n                            <div class=\"tip-value\">\n\t\t\t\t\t\t\t\t1,90                                <script type=\"application\/ld+json\">\n                                    {\n                                        \"@context\": \"https:\/\/schema.org\",\n                                        \"@type\": \"SportsEvent\",\n                                        \"name\": \"FA G\u00f6ppingen - THW Kiel\",\n                                        \"location\": {\n                                        \"@type\": \"Place\",\n                                        \"name\": \"EWS Arena\",\n                                        \"address\": \"EWS Arena\"\n                                        },\n                                        \"startDate\": \"2026-09-06T15:00:00+00:00\"\n                                    }\n\n\n                                <\/script>\n                            <\/div>\n                        <\/a>\n\n                    <\/div>\n\t\t\t\t\t\t\t\t\t                    <div class=\"table-cell\">\n                        <div class=\"table-cell__info\">\n                            <h4 class=\"table-cell__title\">GP von Italien - Rennen<\/h4>\n                            <small class=\"table-cell__date\">06.09.2026, 15:00 Uhr - Autodromo Nazionale Monza<\/small>\n                        <\/div>\n\n                        <a href=\"https:\/\/sports.tipico.de\/v1\/tpapi\/ctfes\/redirect?campaignId=spbcyvaq&#038;affiliateId=39275&#038;target=https:\/\/sports.tipico.de\/de\/alle\/motorsport\/formel-1\" target=\"_blank\" class=\"table-cell__tip btn btn-odds\">\n                            <div class=\"tip-caption\">\n\t\t\t\t\t\t\t\tSieg Russell                            <\/div>\n                            <div class=\"tip-value\">\n\t\t\t\t\t\t\t\t1,85                                <script type=\"application\/ld+json\">\n                                    {\n                                        \"@context\": \"https:\/\/schema.org\",\n                                        \"@type\": \"SportsEvent\",\n                                        \"name\": \"GP von Italien - Rennen\",\n                                        \"location\": {\n                                        \"@type\": \"Place\",\n                                        \"name\": \"Autodromo Nazionale Monza\",\n                                        \"address\": \"Autodromo Nazionale Monza\"\n                                        },\n                                        \"startDate\": \"2026-09-06T15:00:00+00:00\"\n                                    }\n\n\n                                <\/script>\n                            <\/div>\n                        <\/a>\n\n                    <\/div>\n\t\t\t\t\t\t\t\t\t                    <div class=\"table-cell\">\n                        <div class=\"table-cell__info\">\n                            <h4 class=\"table-cell__title\">GP von Italien - Rennen<\/h4>\n                            <small class=\"table-cell__date\">06.09.2026, 15:00 Uhr - Autodromo Nazionale Monza<\/small>\n                        <\/div>\n\n                        <a href=\"https:\/\/sports.tipico.de\/v1\/tpapi\/ctfes\/redirect?campaignId=spbcyvaq&#038;affiliateId=39275&#038;target=https:\/\/sports.tipico.de\/de\/alle\/motorsport\/formel-1\" target=\"_blank\" class=\"table-cell__tip btn btn-odds\">\n                            <div class=\"tip-caption\">\n\t\t\t\t\t\t\t\tSiegerauto Ferrari                            <\/div>\n                            <div class=\"tip-value\">\n\t\t\t\t\t\t\t\t2,90                                <script type=\"application\/ld+json\">\n                                    {\n                                        \"@context\": \"https:\/\/schema.org\",\n                                        \"@type\": \"SportsEvent\",\n                                        \"name\": \"GP von Italien - Rennen\",\n                                        \"location\": {\n                                        \"@type\": \"Place\",\n                                        \"name\": \"Autodromo Nazionale Monza\",\n                                        \"address\": \"Autodromo Nazionale Monza\"\n                                        },\n                                        \"startDate\": \"2026-09-06T15:00:00+00:00\"\n                                    }\n\n\n                                <\/script>\n                            <\/div>\n                        <\/a>\n\n                    <\/div>\n\t\t\t\t\t\t\t\t\t                    <div class=\"table-cell\">\n                        <div class=\"table-cell__info\">\n                            <h4 class=\"table-cell__title\"><a href=\"https:\/\/www.tipico.de\/wett-tipps\/sportwetten-news\/hsv-vs-1-fsv-mainz-05-tipp-quoten-news-prognose-06-09-2026\">Hamburger SV - 1. FSV Mainz 05<\/a><\/h4>\n                            <small class=\"table-cell__date\">06.09.2026, 15:30 Uhr - Volksparkstadion<\/small>\n                        <\/div>\n\n                        <a href=\"https:\/\/sports.tipico.de\/v1\/tpapi\/ctfes\/redirect?campaignId=bpe3vq7f&#038;target=https:\/\/sports.tipico.de\/de\/alle\/fussball\/deutschland\/bundesliga\" target=\"_blank\" class=\"table-cell__tip btn btn-odds\">\n                            <div class=\"tip-caption\">\n\t\t\t\t\t\t\t\tTipp 2                            <\/div>\n                            <div class=\"tip-value\">\n\t\t\t\t\t\t\t\t2,50                                <script type=\"application\/ld+json\">\n                                    {\n                                        \"@context\": \"https:\/\/schema.org\",\n                                        \"@type\": \"SportsEvent\",\n                                        \"name\": \"Hamburger SV - 1. FSV Mainz 05\",\n                                        \"location\": {\n                                        \"@type\": \"Place\",\n                                        \"name\": \"Volksparkstadion\",\n                                        \"address\": \"Volksparkstadion\"\n                                        },\n                                        \"startDate\": \"2026-09-06T15:30:00+00:00\"\n                                    }\n\n\n                                <\/script>\n                            <\/div>\n                        <\/a>\n\n                    <\/div>\n\t\t\t\t\t\t\t\t\t                    <div class=\"table-cell\">\n                        <div class=\"table-cell__info\">\n                            <h4 class=\"table-cell__title\">Eishockey Champions League: HC Davos - Eisb\u00e4ren Berlin <\/h4>\n                            <small class=\"table-cell__date\">06.09.2026, 15:45 Uhr - VAT Arena (zondacrypto-Arena)<\/small>\n                        <\/div>\n\n                        <a href=\"https:\/\/sports.tipico.de\/v1\/tpapi\/ctfes\/redirect?campaignId=l0kq8hch&#038;target=https:\/\/sports.tipico.de\/de\/alle\/eishockey\/international\/champions-hockey-league%20\" target=\"_blank\" class=\"table-cell__tip btn btn-odds\">\n                            <div class=\"tip-caption\">\n\t\t\t\t\t\t\t\tTipp 1                            <\/div>\n                            <div class=\"tip-value\">\n\t\t\t\t\t\t\t\t1,60                                <script type=\"application\/ld+json\">\n                                    {\n                                        \"@context\": \"https:\/\/schema.org\",\n                                        \"@type\": \"SportsEvent\",\n                                        \"name\": \"Eishockey Champions League: HC Davos - Eisb\u00e4ren Berlin\",\n                                        \"location\": {\n                                        \"@type\": \"Place\",\n                                        \"name\": \"VAT Arena (zondacrypto-Arena)\",\n                                        \"address\": \"VAT Arena (zondacrypto-Arena)\"\n                                        },\n                                        \"startDate\": \"2026-09-06T15:45:00+00:00\"\n                                    }\n\n\n                                <\/script>\n                            <\/div>\n                        <\/a>\n\n                    <\/div>\n\t\t\t\t\t\t\t\t\t                    <div class=\"table-cell\">\n                        <div class=\"table-cell__info\">\n                            <h4 class=\"table-cell__title\">TVB Stuttgart - F\u00fcchse Berlin<\/h4>\n                            <small class=\"table-cell__date\">06.09.2026, 16:30 Uhr - Porsche-Arena<\/small>\n                        <\/div>\n\n                        <a href=\"https:\/\/sports.tipico.de\/v1\/tpapi\/ctfes\/redirect?campaignId=cxctkatt&#038;target=https:\/\/sports.tipico.de\/de\/alle\/handball\/deutschland\/bundesliga\" target=\"_blank\" class=\"table-cell__tip btn btn-odds\">\n                            <div class=\"tip-caption\">\n\t\t\t\t\t\t\t\t\u00dcber 63,5 Tore                            <\/div>\n                            <div class=\"tip-value\">\n\t\t\t\t\t\t\t\t1,72                                <script type=\"application\/ld+json\">\n                                    {\n                                        \"@context\": \"https:\/\/schema.org\",\n                                        \"@type\": \"SportsEvent\",\n                                        \"name\": \"TVB Stuttgart - F\u00fcchse Berlin\",\n                                        \"location\": {\n                                        \"@type\": \"Place\",\n                                        \"name\": \"Porsche-Arena\",\n                                        \"address\": \"Porsche-Arena\"\n                                        },\n                                        \"startDate\": \"2026-09-06T16:30:00+00:00\"\n                                    }\n\n\n                                <\/script>\n                            <\/div>\n                        <\/a>\n\n                    <\/div>\n\t\t\t\t\t\t\t\t\t                    <div class=\"table-cell\">\n                        <div class=\"table-cell__info\">\n                            <h4 class=\"table-cell__title\">A. Sabalenka - T. Townsend<\/h4>\n                            <small class=\"table-cell__date\">06.09.2026, 17:30 Uhr - New York City, USA<\/small>\n                        <\/div>\n\n                        <a href=\"https:\/\/sports.tipico.de\/v1\/tpapi\/ctfes\/redirect?campaignId=nwtdjkou&#038;target=https:\/\/sports.tipico.de\/de\/alle\/tennis\/us-open\/einzel-damen\" target=\"_blank\" class=\"table-cell__tip btn btn-odds\">\n                            <div class=\"tip-caption\">\n\t\t\t\t\t\t\t\t\u00dcber 2,5 S\u00e4tze                            <\/div>\n                            <div class=\"tip-value\">\n\t\t\t\t\t\t\t\t2,85                                <script type=\"application\/ld+json\">\n                                    {\n                                        \"@context\": \"https:\/\/schema.org\",\n                                        \"@type\": \"SportsEvent\",\n                                        \"name\": \"A. Sabalenka - T. Townsend\",\n                                        \"location\": {\n                                        \"@type\": \"Place\",\n                                        \"name\": \"New York City, USA\",\n                                        \"address\": \"New York City, USA\"\n                                        },\n                                        \"startDate\": \"2026-09-06T17:30:00+00:00\"\n                                    }\n\n\n                                <\/script>\n                            <\/div>\n                        <\/a>\n\n                    <\/div>\n\t\t\t\t\t\t\t\t\t                    <div class=\"table-cell\">\n                        <div class=\"table-cell__info\">\n                            <h4 class=\"table-cell__title\">T. Paul - C. Alcaraz<\/h4>\n                            <small class=\"table-cell__date\">06.09.2026, 20:00 Uhr - New York City, USA<\/small>\n                        <\/div>\n\n                        <a href=\"https:\/\/sports.tipico.de\/v1\/tpapi\/ctfes\/redirect?campaignId=nwtdjkou&#038;target=https:\/\/sports.tipico.de\/de\/alle\/tennis\/us-open\/einzel-herren\" target=\"_blank\" class=\"table-cell__tip btn btn-odds\">\n                            <div class=\"tip-caption\">\n\t\t\t\t\t\t\t\t\u00dcber 3,5 S\u00e4tze                            <\/div>\n                            <div class=\"tip-value\">\n\t\t\t\t\t\t\t\t1,70                                <script type=\"application\/ld+json\">\n                                    {\n                                        \"@context\": \"https:\/\/schema.org\",\n                                        \"@type\": \"SportsEvent\",\n                                        \"name\": \"T. Paul - C. Alcaraz\",\n                                        \"location\": {\n                                        \"@type\": \"Place\",\n                                        \"name\": \"New York City, USA\",\n                                        \"address\": \"New York City, USA\"\n                                        },\n                                        \"startDate\": \"2026-09-06T20:00:00+00:00\"\n                                    }\n\n\n                                <\/script>\n                            <\/div>\n                        <\/a>\n\n                    <\/div>\n\t\t\t\t\t\t\t\t\t                    <div class=\"table-cell\">\n                        <div class=\"table-cell__info\">\n                            <h4 class=\"table-cell__title\">D. Medvedev - F. Tiafoe<\/h4>\n                            <small class=\"table-cell__date\">06.09.2026, 21:00 Uhr - New York City, USA<\/small>\n                        <\/div>\n\n                        <a href=\"https:\/\/sports.tipico.de\/v1\/tpapi\/ctfes\/redirect?campaignId=nwtdjkou&#038;target=https:\/\/sports.tipico.de\/de\/alle\/tennis\/us-open\/einzel-herren\" target=\"_blank\" class=\"table-cell__tip btn btn-odds\">\n                            <div class=\"tip-caption\">\n\t\t\t\t\t\t\t\tTipp 2 (HC 0:1,5)                            <\/div>\n                            <div class=\"tip-value\">\n\t\t\t\t\t\t\t\t1,65                                <script type=\"application\/ld+json\">\n                                    {\n                                        \"@context\": \"https:\/\/schema.org\",\n                                        \"@type\": \"SportsEvent\",\n                                        \"name\": \"D. Medvedev - F. Tiafoe\",\n                                        \"location\": {\n                                        \"@type\": \"Place\",\n                                        \"name\": \"New York City, USA\",\n                                        \"address\": \"New York City, USA\"\n                                        },\n                                        \"startDate\": \"2026-09-06T21:00:00+00:00\"\n                                    }\n\n\n                                <\/script>\n                            <\/div>\n                        <\/a>\n\n                    <\/div>\n\t\t\t\t\t\t\t\t\t                    <div class=\"table-cell\">\n                        <div class=\"table-cell__info\">\n                            <h4 class=\"table-cell__title\">San Diego Padres - New York Yankees<br \/>\r\n<\/h4>\n                            <small class=\"table-cell__date\">06.09.2026, 22:10 Uhr - Petco Park<\/small>\n                        <\/div>\n\n                        <a href=\"https:\/\/sports.tipico.de\/v1\/tpapi\/ctfes\/redirect?campaignId=spbcyvaq&#038;affiliateId=39275&#038;target=https:\/\/sports.tipico.de\/de\/alle\/baseball\/usa\/mlb\" target=\"_blank\" class=\"table-cell__tip btn btn-odds\">\n                            <div class=\"tip-caption\">\n\t\t\t\t\t\t\t\tTipp 1                            <\/div>\n                            <div class=\"tip-value\">\n\t\t\t\t\t\t\t\t1,90                                <script type=\"application\/ld+json\">\n                                    {\n                                        \"@context\": \"https:\/\/schema.org\",\n                                        \"@type\": \"SportsEvent\",\n                                        \"name\": \"San Diego Padres - New York Yankees\",\n                                        \"location\": {\n                                        \"@type\": \"Place\",\n                                        \"name\": \"Petco Park\",\n                                        \"address\": \"Petco Park\"\n                                        },\n                                        \"startDate\": \"2026-09-06T22:10:00+00:00\"\n                                    }\n\n\n                                <\/script>\n                            <\/div>\n                        <\/a>\n\n                    <\/div>\n\t\t\t\t\t\t\t\t\t                    <div class=\"table-cell\">\n                        <div class=\"table-cell__info\">\n                            <h4 class=\"table-cell__title\">J. Pegula - S. Cirstea<\/h4>\n                            <small class=\"table-cell__date\">06.09.2026, 22:40 Uhr - New York City, USA<\/small>\n                        <\/div>\n\n                        <a href=\"https:\/\/sports.tipico.de\/v1\/tpapi\/ctfes\/redirect?campaignId=nwtdjkou&#038;target=https:\/\/sports.tipico.de\/de\/alle\/tennis\/us-open\/einzel-damen\" target=\"_blank\" class=\"table-cell__tip btn btn-odds\">\n                            <div class=\"tip-caption\">\n\t\t\t\t\t\t\t\tTipp 2 (HC 0:1,5)                            <\/div>\n                            <div class=\"tip-value\">\n\t\t\t\t\t\t\t\t1,85                                <script type=\"application\/ld+json\">\n                                    {\n                                        \"@context\": \"https:\/\/schema.org\",\n                                        \"@type\": \"SportsEvent\",\n                                        \"name\": \"J. Pegula - S. Cirstea\",\n                                        \"location\": {\n                                        \"@type\": \"Place\",\n                                        \"name\": \"New York City, USA\",\n                                        \"address\": \"New York City, USA\"\n                                        },\n                                        \"startDate\": \"2026-09-06T22:40:00+00:00\"\n                                    }\n\n\n                                <\/script>\n                            <\/div>\n                        <\/a>\n\n                    <\/div>\n\t\t\t\t\t\t\t\t\t                    <div class=\"table-cell\">\n                        <div class=\"table-cell__info\">\n                            <h4 class=\"table-cell__title\">Los Angeles Dodgers - Washington Nationals<\/h4>\n                            <small class=\"table-cell__date\">07.09.2026, 04:10 Uhr - Dodger Stadium<\/small>\n                        <\/div>\n\n                        <a href=\"https:\/\/sports.tipico.de\/v1\/tpapi\/ctfes\/redirect?campaignId=spbcyvaq&#038;affiliateId=39275&#038;target=https:\/\/sports.tipico.de\/de\/alle\/baseball\/usa\/mlb\" target=\"_blank\" class=\"table-cell__tip btn btn-odds\">\n                            <div class=\"tip-caption\">\n\t\t\t\t\t\t\t\tTipp 1 HC (0:1,5)                            <\/div>\n                            <div class=\"tip-value\">\n\t\t\t\t\t\t\t\t1,97                                <script type=\"application\/ld+json\">\n                                    {\n                                        \"@context\": \"https:\/\/schema.org\",\n                                        \"@type\": \"SportsEvent\",\n                                        \"name\": \"Los Angeles Dodgers - Washington Nationals\",\n                                        \"location\": {\n                                        \"@type\": \"Place\",\n                                        \"name\": \"Dodger Stadium\",\n                                        \"address\": \"Dodger Stadium\"\n                                        },\n                                        \"startDate\": \"2026-09-07T04:10:00+00:00\"\n                                    }\n\n\n                                <\/script>\n                            <\/div>\n                        <\/a>\n\n                    <\/div>\n\t\t\t\t            <\/div>\n        <\/div>\n\t\t<small class=\"b-age-notice\">Quoten\u00e4nderungen vorbehalten<\/small>\t\n\n","protected":false},"excerpt":{"rendered":"<p>Eine Woche vor Ende der Vuelta 2026 und vor dem Ruhetag morgen landeten zwei Belgier auf dem Treppchen. Das Rote Trikot bleibt bei Mas.<\/p>\n","protected":false},"author":68,"featured_media":476305,"comment_status":"closed","ping_status":"closed","sticky":false,"template":"","format":"standard","meta":{"_acf_changed":false,"dw_urn":"","dw_version":0,"dw_version_created":"","dw_updated":"","footnotes":""},"tags":[],"news-category":[2517],"sport-news":[],"class_list":["post-499698","post","type-post","status-publish","format-standard","has-post-thumbnail","hentry","news-category-sport-heute"],"acf":{"live_content":"","product":{"name":"","description":"","image":"","offers":{"price":"","pricecurrency":"EUR"}},"howto":{"name":"","description":"","image":"","totaltime":"","tool":{"name":"","image":""},"steps":null},"sportsevent":{"name":"","description":"","hometeam":"","awayteam":"","sport":"","competitor":"","startdate":"","location_name":"","streetaddress":"","addresslocality":"","addressregion":"","postalcode":"","addresscountry":"","eventschedule":{"startdate":null,"enddate":null,"starttime":"","endtime":"","scheduletimezone":"Europe\/London"}},"faq_title":"FAQ","faq_items":null},"yoast_head":"<!-- This site is optimized with the Yoast SEO Premium plugin v28.0 (Yoast SEO v28.4) - https:\/\/yoast.com\/product\/yoast-seo-premium-wordpress\/ -->\n<title>15. Etappe der Vuelta: Ergebnisse und Gesamtwertung im \u00dcberblick<\/title>\n<meta name=\"description\" content=\"Eine Woche vor Ende der Vuelta 2026 und vor dem Ruhetag morgen landeten zwei Belgier auf dem Treppchen. Das Rote Trikot bleibt bei Mas.\" \/>\n<meta name=\"robots\" content=\"index, follow, max-snippet:-1, max-image-preview:large, max-video-preview:-1\" \/>\n<link rel=\"canonical\" href=\"https:\/\/www.tipico.de\/wett-tipps\/sportwetten-news\/15-etappe-der-vuelta-ergebnisse-und-gesamtwertung-im-ueberblick\" \/>\n<meta property=\"og:locale\" content=\"de_DE\" \/>\n<meta property=\"og:type\" content=\"article\" \/>\n<meta property=\"og:title\" content=\"15. Etappe der Vuelta: Ergebnisse und Gesamtwertung im \u00dcberblick\" \/>\n<meta property=\"og:description\" content=\"Eine Woche vor Ende der Vuelta 2026 und vor dem Ruhetag morgen landeten zwei Belgier auf dem Treppchen. Das Rote Trikot bleibt bei Mas.\" \/>\n<meta property=\"og:url\" content=\"https:\/\/www.tipico.de\/wett-tipps\/sportwetten-news\/15-etappe-der-vuelta-ergebnisse-und-gesamtwertung-im-ueberblick\" \/>\n<meta property=\"og:site_name\" content=\"Tipico Wett Tipps\" \/>\n<meta property=\"article:publisher\" content=\"https:\/\/www.facebook.com\/tipico\/\" \/>\n<meta property=\"article:published_time\" content=\"2026-09-06T19:00:01+00:00\" \/>\n<meta property=\"og:image\" content=\"https:\/\/www.tipico.de\/wett-tipps\/wp-content\/uploads\/2026\/07\/Tour-de-france-1.jpg\" \/>\n\t<meta property=\"og:image:width\" content=\"1200\" \/>\n\t<meta property=\"og:image:height\" content=\"800\" \/>\n\t<meta property=\"og:image:type\" content=\"image\/jpeg\" \/>\n<meta name=\"author\" content=\"Nils Reschke\" \/>\n<meta name=\"twitter:card\" content=\"summary_large_image\" \/>\n<meta name=\"twitter:creator\" content=\"@Tipico_de\" \/>\n<meta name=\"twitter:site\" content=\"@Tipico_de\" \/>\n<meta name=\"twitter:label1\" content=\"Verfasst von\" \/>\n\t<meta name=\"twitter:data1\" content=\"Nils Reschke\" \/>\n\t<meta name=\"twitter:label2\" content=\"Gesch\u00e4tzte Lesezeit\" \/>\n\t<meta name=\"twitter:data2\" content=\"3\u00a0Minuten\" \/>\n<script type=\"application\/ld+json\" class=\"yoast-schema-graph\">{\"@context\":\"https:\\\/\\\/schema.org\",\"@graph\":[{\"@type\":\"NewsArticle\",\"@id\":\"https:\\\/\\\/www.tipico.de\\\/wett-tipps\\\/sportwetten-news\\\/15-etappe-der-vuelta-ergebnisse-und-gesamtwertung-im-ueberblick#article\",\"isPartOf\":{\"@id\":\"https:\\\/\\\/www.tipico.de\\\/wett-tipps\\\/sportwetten-news\\\/15-etappe-der-vuelta-ergebnisse-und-gesamtwertung-im-ueberblick\"},\"author\":{\"name\":\"Nils Reschke\",\"@id\":\"https:\\\/\\\/www.tipico.de\\\/wett-tipps\\\/#\\\/schema\\\/person\\\/a849bd7288ee6aaa50a7e761558284f8\"},\"headline\":\"15. Etappe der Vuelta: Ergebnisse und Gesamtwertung im \u00dcberblick\",\"datePublished\":\"2026-09-06T19:00:01+00:00\",\"mainEntityOfPage\":{\"@id\":\"https:\\\/\\\/www.tipico.de\\\/wett-tipps\\\/sportwetten-news\\\/15-etappe-der-vuelta-ergebnisse-und-gesamtwertung-im-ueberblick\"},\"wordCount\":307,\"publisher\":{\"@id\":\"https:\\\/\\\/www.tipico.de\\\/wett-tipps\\\/#organization\"},\"image\":{\"@id\":\"https:\\\/\\\/www.tipico.de\\\/wett-tipps\\\/sportwetten-news\\\/15-etappe-der-vuelta-ergebnisse-und-gesamtwertung-im-ueberblick#primaryimage\"},\"thumbnailUrl\":\"https:\\\/\\\/www.tipico.de\\\/wett-tipps\\\/wp-content\\\/uploads\\\/2026\\\/07\\\/Tour-de-france-1.jpg\",\"inLanguage\":\"de\",\"copyrightYear\":\"2026\",\"copyrightHolder\":{\"@id\":\"https:\\\/\\\/www.tipico.de\\\/wett-tipps\\\/#organization\"}},{\"@type\":\"WebPage\",\"@id\":\"https:\\\/\\\/www.tipico.de\\\/wett-tipps\\\/sportwetten-news\\\/15-etappe-der-vuelta-ergebnisse-und-gesamtwertung-im-ueberblick\",\"url\":\"https:\\\/\\\/www.tipico.de\\\/wett-tipps\\\/sportwetten-news\\\/15-etappe-der-vuelta-ergebnisse-und-gesamtwertung-im-ueberblick\",\"name\":\"15. Etappe der Vuelta: Ergebnisse und Gesamtwertung im \u00dcberblick\",\"isPartOf\":{\"@id\":\"https:\\\/\\\/www.tipico.de\\\/wett-tipps\\\/#website\"},\"primaryImageOfPage\":{\"@id\":\"https:\\\/\\\/www.tipico.de\\\/wett-tipps\\\/sportwetten-news\\\/15-etappe-der-vuelta-ergebnisse-und-gesamtwertung-im-ueberblick#primaryimage\"},\"image\":{\"@id\":\"https:\\\/\\\/www.tipico.de\\\/wett-tipps\\\/sportwetten-news\\\/15-etappe-der-vuelta-ergebnisse-und-gesamtwertung-im-ueberblick#primaryimage\"},\"thumbnailUrl\":\"https:\\\/\\\/www.tipico.de\\\/wett-tipps\\\/wp-content\\\/uploads\\\/2026\\\/07\\\/Tour-de-france-1.jpg\",\"datePublished\":\"2026-09-06T19:00:01+00:00\",\"description\":\"Eine Woche vor Ende der Vuelta 2026 und vor dem Ruhetag morgen landeten zwei Belgier auf dem Treppchen. Das Rote Trikot bleibt bei Mas.\",\"breadcrumb\":{\"@id\":\"https:\\\/\\\/www.tipico.de\\\/wett-tipps\\\/sportwetten-news\\\/15-etappe-der-vuelta-ergebnisse-und-gesamtwertung-im-ueberblick#breadcrumb\"},\"inLanguage\":\"de\",\"potentialAction\":[{\"@type\":\"ReadAction\",\"target\":[\"https:\\\/\\\/www.tipico.de\\\/wett-tipps\\\/sportwetten-news\\\/15-etappe-der-vuelta-ergebnisse-und-gesamtwertung-im-ueberblick\"]}]},{\"@type\":\"ImageObject\",\"inLanguage\":\"de\",\"@id\":\"https:\\\/\\\/www.tipico.de\\\/wett-tipps\\\/sportwetten-news\\\/15-etappe-der-vuelta-ergebnisse-und-gesamtwertung-im-ueberblick#primaryimage\",\"url\":\"https:\\\/\\\/www.tipico.de\\\/wett-tipps\\\/wp-content\\\/uploads\\\/2026\\\/07\\\/Tour-de-france-1.jpg\",\"contentUrl\":\"https:\\\/\\\/www.tipico.de\\\/wett-tipps\\\/wp-content\\\/uploads\\\/2026\\\/07\\\/Tour-de-france-1.jpg\",\"width\":1200,\"height\":800,\"caption\":\"Tour de France 2024 - Stage 06 DIJON, FRANCE - JULY 04 : illustration picture of the peloton during stage 6 of the 111th edition of the Tour de France 2024 cycling race, a stage of 163,5 kms with start in Macon and finish in Dijon on July 04, 2024 in Dijon, France, 04\\\/07\\\/2024 Dijon France PUBLICATIONxNOTxINxFRAxBEL Copyright: xJanxDexMeuleneirx\"},{\"@type\":\"BreadcrumbList\",\"@id\":\"https:\\\/\\\/www.tipico.de\\\/wett-tipps\\\/sportwetten-news\\\/15-etappe-der-vuelta-ergebnisse-und-gesamtwertung-im-ueberblick#breadcrumb\",\"itemListElement\":[{\"@type\":\"ListItem\",\"position\":1,\"name\":\"Start\",\"item\":\"https:\\\/\\\/www.tipico.de\\\/wett-tipps\\\/\"},{\"@type\":\"ListItem\",\"position\":2,\"name\":\"Sport heute\",\"item\":\"https:\\\/\\\/www.tipico.de\\\/wett-tipps\\\/sportwetten-news\\\/category\\\/sport-heute\"},{\"@type\":\"ListItem\",\"position\":3,\"name\":\"15. Etappe der Vuelta: Ergebnisse und Gesamtwertung im \u00dcberblick\"}]},{\"@type\":\"WebSite\",\"@id\":\"https:\\\/\\\/www.tipico.de\\\/wett-tipps\\\/#website\",\"url\":\"https:\\\/\\\/www.tipico.de\\\/wett-tipps\\\/\",\"name\":\"Tipico Wett Tipps\",\"description\":\"Wett Tipps heute &amp; aktuelle Sportwetten News\",\"publisher\":{\"@id\":\"https:\\\/\\\/www.tipico.de\\\/wett-tipps\\\/#organization\"},\"potentialAction\":[{\"@type\":\"SearchAction\",\"target\":{\"@type\":\"EntryPoint\",\"urlTemplate\":\"https:\\\/\\\/www.tipico.de\\\/wett-tipps\\\/?s={search_term_string}\"},\"query-input\":{\"@type\":\"PropertyValueSpecification\",\"valueRequired\":true,\"valueName\":\"search_term_string\"}}],\"inLanguage\":\"de\"},{\"@type\":\"Organization\",\"@id\":\"https:\\\/\\\/www.tipico.de\\\/wett-tipps\\\/#organization\",\"name\":\"Tipico\",\"url\":\"https:\\\/\\\/www.tipico.de\\\/wett-tipps\\\/\",\"logo\":{\"@type\":\"ImageObject\",\"inLanguage\":\"de\",\"@id\":\"https:\\\/\\\/www.tipico.de\\\/wett-tipps\\\/#\\\/schema\\\/logo\\\/image\\\/\",\"url\":\"https:\\\/\\\/www.tipico.de\\\/wett-tipps\\\/wp-content\\\/uploads\\\/2021\\\/02\\\/logo.svg\",\"contentUrl\":\"https:\\\/\\\/www.tipico.de\\\/wett-tipps\\\/wp-content\\\/uploads\\\/2021\\\/02\\\/logo.svg\",\"width\":\"1024\",\"height\":\"1024\",\"caption\":\"Tipico\"},\"image\":{\"@id\":\"https:\\\/\\\/www.tipico.de\\\/wett-tipps\\\/#\\\/schema\\\/logo\\\/image\\\/\"},\"sameAs\":[\"https:\\\/\\\/www.facebook.com\\\/tipico\\\/\",\"https:\\\/\\\/x.com\\\/Tipico_de\"]},{\"@type\":\"Person\",\"@id\":\"https:\\\/\\\/www.tipico.de\\\/wett-tipps\\\/#\\\/schema\\\/person\\\/a849bd7288ee6aaa50a7e761558284f8\",\"name\":\"Nils Reschke\",\"image\":{\"@type\":\"ImageObject\",\"inLanguage\":\"de\",\"@id\":\"https:\\\/\\\/secure.gravatar.com\\\/avatar\\\/12db836ca47ad0643c22db8ca675f7772c3c9ad5bb61901dd9756d9f4764bc56?s=96&d=mm&r=g\",\"url\":\"https:\\\/\\\/secure.gravatar.com\\\/avatar\\\/12db836ca47ad0643c22db8ca675f7772c3c9ad5bb61901dd9756d9f4764bc56?s=96&d=mm&r=g\",\"contentUrl\":\"https:\\\/\\\/secure.gravatar.com\\\/avatar\\\/12db836ca47ad0643c22db8ca675f7772c3c9ad5bb61901dd9756d9f4764bc56?s=96&d=mm&r=g\",\"caption\":\"Nils Reschke\"},\"description\":\"Von den Bolzpl\u00e4tzen im Westm\u00fcnsterland bis in die Fu\u00dfball-Stadien der Republik. Von der Kreisliga bis in die europ\u00e4ische K\u00f6nigsklasse. Und vom Lokaljournalismus bis ins World Wide Web: Das Runde muss \u00fcberall ins Eckige, \u00fcbers Netz, in den Korb. Dar\u00fcber schreibe ich. Daran hat sich seit \u00fcber drei Jahrzehnten meines Schaffens nichts ge\u00e4ndert. Ebenso wenig wie an der Leidenschaft f\u00fcr den Sport und den spannenden Storys dahinter.\",\"url\":\"https:\\\/\\\/www.tipico.de\\\/wett-tipps\\\/author\\\/nils-reschke\"}]}<\/script>\n<!-- \/ Yoast SEO Premium plugin. -->","yoast_head_json":{"title":"15. Etappe der Vuelta: Ergebnisse und Gesamtwertung im \u00dcberblick","description":"Eine Woche vor Ende der Vuelta 2026 und vor dem Ruhetag morgen landeten zwei Belgier auf dem Treppchen. Das Rote Trikot bleibt bei Mas.","robots":{"index":"index","follow":"follow","max-snippet":"max-snippet:-1","max-image-preview":"max-image-preview:large","max-video-preview":"max-video-preview:-1"},"canonical":"https:\/\/www.tipico.de\/wett-tipps\/sportwetten-news\/15-etappe-der-vuelta-ergebnisse-und-gesamtwertung-im-ueberblick","og_locale":"de_DE","og_type":"article","og_title":"15. Etappe der Vuelta: Ergebnisse und Gesamtwertung im \u00dcberblick","og_description":"Eine Woche vor Ende der Vuelta 2026 und vor dem Ruhetag morgen landeten zwei Belgier auf dem Treppchen. Das Rote Trikot bleibt bei Mas.","og_url":"https:\/\/www.tipico.de\/wett-tipps\/sportwetten-news\/15-etappe-der-vuelta-ergebnisse-und-gesamtwertung-im-ueberblick","og_site_name":"Tipico Wett Tipps","article_publisher":"https:\/\/www.facebook.com\/tipico\/","article_published_time":"2026-09-06T19:00:01+00:00","og_image":[{"width":1200,"height":800,"url":"https:\/\/www.tipico.de\/wett-tipps\/wp-content\/uploads\/2026\/07\/Tour-de-france-1.jpg","type":"image\/jpeg"}],"author":"Nils Reschke","twitter_card":"summary_large_image","twitter_creator":"@Tipico_de","twitter_site":"@Tipico_de","twitter_misc":{"Verfasst von":"Nils Reschke","Gesch\u00e4tzte Lesezeit":"3\u00a0Minuten"},"schema":{"@context":"https:\/\/schema.org","@graph":[{"@type":"NewsArticle","@id":"https:\/\/www.tipico.de\/wett-tipps\/sportwetten-news\/15-etappe-der-vuelta-ergebnisse-und-gesamtwertung-im-ueberblick#article","isPartOf":{"@id":"https:\/\/www.tipico.de\/wett-tipps\/sportwetten-news\/15-etappe-der-vuelta-ergebnisse-und-gesamtwertung-im-ueberblick"},"author":{"name":"Nils Reschke","@id":"https:\/\/www.tipico.de\/wett-tipps\/#\/schema\/person\/a849bd7288ee6aaa50a7e761558284f8"},"headline":"15. Etappe der Vuelta: Ergebnisse und Gesamtwertung im \u00dcberblick","datePublished":"2026-09-06T19:00:01+00:00","mainEntityOfPage":{"@id":"https:\/\/www.tipico.de\/wett-tipps\/sportwetten-news\/15-etappe-der-vuelta-ergebnisse-und-gesamtwertung-im-ueberblick"},"wordCount":307,"publisher":{"@id":"https:\/\/www.tipico.de\/wett-tipps\/#organization"},"image":{"@id":"https:\/\/www.tipico.de\/wett-tipps\/sportwetten-news\/15-etappe-der-vuelta-ergebnisse-und-gesamtwertung-im-ueberblick#primaryimage"},"thumbnailUrl":"https:\/\/www.tipico.de\/wett-tipps\/wp-content\/uploads\/2026\/07\/Tour-de-france-1.jpg","inLanguage":"de","copyrightYear":"2026","copyrightHolder":{"@id":"https:\/\/www.tipico.de\/wett-tipps\/#organization"}},{"@type":"WebPage","@id":"https:\/\/www.tipico.de\/wett-tipps\/sportwetten-news\/15-etappe-der-vuelta-ergebnisse-und-gesamtwertung-im-ueberblick","url":"https:\/\/www.tipico.de\/wett-tipps\/sportwetten-news\/15-etappe-der-vuelta-ergebnisse-und-gesamtwertung-im-ueberblick","name":"15. Etappe der Vuelta: Ergebnisse und Gesamtwertung im \u00dcberblick","isPartOf":{"@id":"https:\/\/www.tipico.de\/wett-tipps\/#website"},"primaryImageOfPage":{"@id":"https:\/\/www.tipico.de\/wett-tipps\/sportwetten-news\/15-etappe-der-vuelta-ergebnisse-und-gesamtwertung-im-ueberblick#primaryimage"},"image":{"@id":"https:\/\/www.tipico.de\/wett-tipps\/sportwetten-news\/15-etappe-der-vuelta-ergebnisse-und-gesamtwertung-im-ueberblick#primaryimage"},"thumbnailUrl":"https:\/\/www.tipico.de\/wett-tipps\/wp-content\/uploads\/2026\/07\/Tour-de-france-1.jpg","datePublished":"2026-09-06T19:00:01+00:00","description":"Eine Woche vor Ende der Vuelta 2026 und vor dem Ruhetag morgen landeten zwei Belgier auf dem Treppchen. Das Rote Trikot bleibt bei Mas.","breadcrumb":{"@id":"https:\/\/www.tipico.de\/wett-tipps\/sportwetten-news\/15-etappe-der-vuelta-ergebnisse-und-gesamtwertung-im-ueberblick#breadcrumb"},"inLanguage":"de","potentialAction":[{"@type":"ReadAction","target":["https:\/\/www.tipico.de\/wett-tipps\/sportwetten-news\/15-etappe-der-vuelta-ergebnisse-und-gesamtwertung-im-ueberblick"]}]},{"@type":"ImageObject","inLanguage":"de","@id":"https:\/\/www.tipico.de\/wett-tipps\/sportwetten-news\/15-etappe-der-vuelta-ergebnisse-und-gesamtwertung-im-ueberblick#primaryimage","url":"https:\/\/www.tipico.de\/wett-tipps\/wp-content\/uploads\/2026\/07\/Tour-de-france-1.jpg","contentUrl":"https:\/\/www.tipico.de\/wett-tipps\/wp-content\/uploads\/2026\/07\/Tour-de-france-1.jpg","width":1200,"height":800,"caption":"Tour de France 2024 - Stage 06 DIJON, FRANCE - JULY 04 : illustration picture of the peloton during stage 6 of the 111th edition of the Tour de France 2024 cycling race, a stage of 163,5 kms with start in Macon and finish in Dijon on July 04, 2024 in Dijon, France, 04\/07\/2024 Dijon France PUBLICATIONxNOTxINxFRAxBEL Copyright: xJanxDexMeuleneirx"},{"@type":"BreadcrumbList","@id":"https:\/\/www.tipico.de\/wett-tipps\/sportwetten-news\/15-etappe-der-vuelta-ergebnisse-und-gesamtwertung-im-ueberblick#breadcrumb","itemListElement":[{"@type":"ListItem","position":1,"name":"Start","item":"https:\/\/www.tipico.de\/wett-tipps\/"},{"@type":"ListItem","position":2,"name":"Sport heute","item":"https:\/\/www.tipico.de\/wett-tipps\/sportwetten-news\/category\/sport-heute"},{"@type":"ListItem","position":3,"name":"15. Etappe der Vuelta: Ergebnisse und Gesamtwertung im \u00dcberblick"}]},{"@type":"WebSite","@id":"https:\/\/www.tipico.de\/wett-tipps\/#website","url":"https:\/\/www.tipico.de\/wett-tipps\/","name":"Tipico Wett Tipps","description":"Wett Tipps heute &amp; aktuelle Sportwetten News","publisher":{"@id":"https:\/\/www.tipico.de\/wett-tipps\/#organization"},"potentialAction":[{"@type":"SearchAction","target":{"@type":"EntryPoint","urlTemplate":"https:\/\/www.tipico.de\/wett-tipps\/?s={search_term_string}"},"query-input":{"@type":"PropertyValueSpecification","valueRequired":true,"valueName":"search_term_string"}}],"inLanguage":"de"},{"@type":"Organization","@id":"https:\/\/www.tipico.de\/wett-tipps\/#organization","name":"Tipico","url":"https:\/\/www.tipico.de\/wett-tipps\/","logo":{"@type":"ImageObject","inLanguage":"de","@id":"https:\/\/www.tipico.de\/wett-tipps\/#\/schema\/logo\/image\/","url":"https:\/\/www.tipico.de\/wett-tipps\/wp-content\/uploads\/2021\/02\/logo.svg","contentUrl":"https:\/\/www.tipico.de\/wett-tipps\/wp-content\/uploads\/2021\/02\/logo.svg","width":"1024","height":"1024","caption":"Tipico"},"image":{"@id":"https:\/\/www.tipico.de\/wett-tipps\/#\/schema\/logo\/image\/"},"sameAs":["https:\/\/www.facebook.com\/tipico\/","https:\/\/x.com\/Tipico_de"]},{"@type":"Person","@id":"https:\/\/www.tipico.de\/wett-tipps\/#\/schema\/person\/a849bd7288ee6aaa50a7e761558284f8","name":"Nils Reschke","image":{"@type":"ImageObject","inLanguage":"de","@id":"https:\/\/secure.gravatar.com\/avatar\/12db836ca47ad0643c22db8ca675f7772c3c9ad5bb61901dd9756d9f4764bc56?s=96&d=mm&r=g","url":"https:\/\/secure.gravatar.com\/avatar\/12db836ca47ad0643c22db8ca675f7772c3c9ad5bb61901dd9756d9f4764bc56?s=96&d=mm&r=g","contentUrl":"https:\/\/secure.gravatar.com\/avatar\/12db836ca47ad0643c22db8ca675f7772c3c9ad5bb61901dd9756d9f4764bc56?s=96&d=mm&r=g","caption":"Nils Reschke"},"description":"Von den Bolzpl\u00e4tzen im Westm\u00fcnsterland bis in die Fu\u00dfball-Stadien der Republik. Von der Kreisliga bis in die europ\u00e4ische K\u00f6nigsklasse. Und vom Lokaljournalismus bis ins World Wide Web: Das Runde muss \u00fcberall ins Eckige, \u00fcbers Netz, in den Korb. Dar\u00fcber schreibe ich. Daran hat sich seit \u00fcber drei Jahrzehnten meines Schaffens nichts ge\u00e4ndert. Ebenso wenig wie an der Leidenschaft f\u00fcr den Sport und den spannenden Storys dahinter.","url":"https:\/\/www.tipico.de\/wett-tipps\/author\/nils-reschke"}]}},"_links":{"self":[{"href":"https:\/\/www.tipico.de\/wett-tipps\/wp-json\/wp\/v2\/posts\/499698","targetHints":{"allow":["GET"]}}],"collection":[{"href":"https:\/\/www.tipico.de\/wett-tipps\/wp-json\/wp\/v2\/posts"}],"about":[{"href":"https:\/\/www.tipico.de\/wett-tipps\/wp-json\/wp\/v2\/types\/post"}],"author":[{"embeddable":true,"href":"https:\/\/www.tipico.de\/wett-tipps\/wp-json\/wp\/v2\/users\/68"}],"replies":[{"embeddable":true,"href":"https:\/\/www.tipico.de\/wett-tipps\/wp-json\/wp\/v2\/comments?post=499698"}],"version-history":[{"count":1,"href":"https:\/\/www.tipico.de\/wett-tipps\/wp-json\/wp\/v2\/posts\/499698\/revisions"}],"predecessor-version":[{"id":499699,"href":"https:\/\/www.tipico.de\/wett-tipps\/wp-json\/wp\/v2\/posts\/499698\/revisions\/499699"}],"wp:featuredmedia":[{"embeddable":true,"href":"https:\/\/www.tipico.de\/wett-tipps\/wp-json\/wp\/v2\/media\/476305"}],"wp:attachment":[{"href":"https:\/\/www.tipico.de\/wett-tipps\/wp-json\/wp\/v2\/media?parent=499698"}],"wp:term":[{"taxonomy":"post_tag","embeddable":true,"href":"https:\/\/www.tipico.de\/wett-tipps\/wp-json\/wp\/v2\/tags?post=499698"},{"taxonomy":"news-category","embeddable":true,"href":"https:\/\/www.tipico.de\/wett-tipps\/wp-json\/wp\/v2\/news-category?post=499698"},{"taxonomy":"sport-news","embeddable":true,"href":"https:\/\/www.tipico.de\/wett-tipps\/wp-json\/wp\/v2\/sport-news?post=499698"}],"curies":[{"name":"wp","href":"https:\/\/api.w.org\/{rel}","templated":true}]}}