{"id":498793,"date":"2026-09-04T08:53:36","date_gmt":"2026-09-04T06:53:36","guid":{"rendered":"https:\/\/www.tipico.de\/wett-tipps\/sportwetten-news\/?p=498793"},"modified":"2026-09-04T08:53:36","modified_gmt":"2026-09-04T06:53:36","slug":"galatasaray-ex-fcb-star-sane-platzt-intern-der-kragen-das-ist-der-grund","status":"publish","type":"post","link":"https:\/\/www.tipico.de\/wett-tipps\/sportwetten-news\/galatasaray-ex-fcb-star-sane-platzt-intern-der-kragen-das-ist-der-grund","title":{"rendered":"Galatasaray: Ex-FCB-Star San\u00e9 platzt intern der Kragen &#8211; das ist der Grund"},"content":{"rendered":"<p>Bei Galatasaray rumort es offenbar hinter den Kulissen: Leroy San\u00e9 soll intern seinen Unmut \u00fcber zu wenig Einsatzzeit ge\u00e4u\u00dfert haben. Das berichtet die t\u00fcrkische Zeitung <em>Sabah<\/em>, wie auch die <em>Sport Bild<\/em> aufgreift. Der 30-J\u00e4hrige sieht sich demnach nicht in der Rolle des Jokers &#8211; eine Ansage, die er auch bei den Klubverantwortlichen platziert haben soll.<\/p>\n<h2>Galatasaray: San\u00e9 mit seiner Rolle unzufrieden<\/h2>\n<p>Begonnen hatte die Saison f\u00fcr den Offensivmann noch vielversprechend. Zum Auftakt gegen \u00c7orum FK stand er in der Startelf und schien gesetzt. Doch in den beiden folgenden Ligapartien gegen Erzurumspor und G\u00f6ztepe musste er sich jeweils mit einem Platz auf der Bank begn\u00fcgen. Zwei R\u00fcckstufungen in Serie, die beim Nationalspieler offenkundig nicht folgenlos blieben.<\/p>\n<p>Deutlich formulierte er seinen Standpunkt laut des Berichts intern. Als Kurzeinsatz-Spieler sehe er sich nicht, das entspreche nicht seinem eigenen Anspruch. F\u00fcr einen Profi, der zuletzt in M\u00fcnchen zum Stammpersonal z\u00e4hlte, ist die Reservistenrolle nach wenigen Wochen in Istanbul tats\u00e4chlich eine ungewohnte Erfahrung.<\/p>\n<h2>S\u00fcper Lig: L\u00f6wen starten ordentlich in die Spielzeit<\/h2>\n<p>Abl\u00f6sefrei war der Fl\u00fcgelspieler 2025 vom FC Bayern zu den L\u00f6wen gewechselt, sein Vertrag am Bosporus l\u00e4uft noch bis 2028. Drei weitere Jahre also, in denen sich die Frage nach seiner Rolle stellt. Ein Spieler dieses Formats wurde kaum verpflichtet, um \u00fcberwiegend von drau\u00dfen zuzuschauen.<\/p>\n<p>Sportlich l\u00e4sst die Ausgangslage dem Trainerteam allerdings wenig Anlass f\u00fcr Umbauten. Zwei Siege und ein Unentschieden stehen nach drei Spieltagen der S\u00fcper Lig zu Buche, der Saisonstart verlief also ordentlich. Wer Ergebnisse liefert, ger\u00e4t bei der Aufstellung selten unter Zugzwang &#8211; und genau das erschwert die Situation des Deutschen.<\/p>\n<h2>Leroy San\u00e9: Ba\u015fak\u015fehir und Sporting als n\u00e4chste Bew\u00e4hrungsproben<\/h2>\n<p>Bald bieten sich neue Gelegenheiten, die Diskussion auf dem Rasen zu beenden. Am vierten Spieltag wartet Istanbul Ba\u015fak\u015fehir, anschlie\u00dfend steht in der Champions League das Duell mit Sporting Lissabon an. Zwei Partien mit unterschiedlichem Anforderungsprofil, in denen die Qualit\u00e4ten des Nationalspielers durchaus gefragt sein k\u00f6nnten.<\/p>\n<p>Ob er dabei von Beginn an mitwirkt, wird zur entscheidenden Frage f\u00fcr die kommenden Wochen. Setzt sich die Bankrolle auch international fort, d\u00fcrfte der interne Unmut kaum kleiner werden. F\u00fcr Galatasaray geht es deshalb darum, einen teuer entlohnten Star zufriedenzustellen, ohne den funktionierenden Rhythmus der Mannschaft zu st\u00f6ren.<\/p>\n<p><a title=\"Folge uns auf Google\" href=\"https:\/\/www.google.com\/preferences\/source?q=tipico.de\" target=\"_blank\" rel=\"noopener\"><picture><img loading=\"lazy\" decoding=\"async\" src=\"https:\/\/www.tipico.de\/wett-tipps\/wp-content\/uploads\/2026\/05\/google_preferred_source_badge_dark_DE@2x.png\" alt=\"Folge uns auf Google\" width=\"338\" height=\"107\" \/> <\/picture><\/a><\/p>\n<p><em>Hinsichtlich der <a href=\"https:\/\/www.tipico.de\/wett-tipps\/sportwetten-tipps\">Sportwetten Tipps<\/a> findest du <a href=\"https:\/\/www.tipico.de\/wett-tipps\/sueper-lig-tipps\">S\u00fcper Lig Tipps<\/a> und passende <a href=\"https:\/\/sports.tipico.de\/v1\/tpapi\/ctfes\/redirect?campaignId=a4krlorh&amp;target=https:\/\/sports.tipico.de\/de\/alle\/fussball\/tuerkei\/sueper-lig\">S\u00fcper Lig Wetten<\/a> bei Tipico. \u00dcbrigens: Hast du schon von <a href=\"https:\/\/www.tipico.de\/wett-tipps\/tipico-million\">Tipico Million<\/a> geh\u00f6rt? Weitere Galatasaray News gibt es bei unseren <a href=\"https:\/\/www.tipico.de\/wett-tipps\/sport-news\">Sport News<\/a>, unseren Content mit <a href=\"https:\/\/sports.tipico.de\/v1\/tpapi\/ctfes\/redirect?campaignId=a4krlorh&amp;target=https:\/\/sports.tipico.de\/de\">Sportwetten<\/a>-Bezug liefern wir dir bei den <a href=\"https:\/\/www.tipico.de\/wett-tipps\/sportwetten-news\">Sportwetten News<\/a>.<\/em><\/p>\n<h3>S\u00fcper Lig: Tipps &amp; Quoten<\/h3>\n\n\t        <div class=\"b-table--tips\">\n            <div class=\"table-body\">\n\t\t\t\t\t\t\t\t\t                    <div class=\"table-cell\">\n                        <div class=\"table-cell__info\">\n                            <h4 class=\"table-cell__title\">Istanbul Basaksehri - Galatasaray<\/h4>\n                            <small class=\"table-cell__date\">04.09.2026, 19:00 Uhr - Ba\u015fak\u015fehir Fatih Terim-Stadion<\/small>\n                        <\/div>\n\n                        <a href=\"https:\/\/sports.tipico.de\/v1\/tpapi\/ctfes\/redirect?campaignId=b2erlfyc&#038;target=https:\/\/sports.tipico.de\/de\/alle\/fussball\/tuerkei\/sueper-lig\" target=\"_blank\" class=\"table-cell__tip btn btn-odds\">\n                            <div class=\"tip-caption\">\n\t\t\t\t\t\t\t\tTipp 2                            <\/div>\n                            <div class=\"tip-value\">\n\t\t\t\t\t\t\t\t1,55                                <script type=\"application\/ld+json\">\n                                    {\n                                        \"@context\": \"https:\/\/schema.org\",\n                                        \"@type\": \"SportsEvent\",\n                                        \"name\": \"Istanbul Basaksehri - Galatasaray\",\n                                        \"location\": {\n                                        \"@type\": \"Place\",\n                                        \"name\": \"Ba\u015fak\u015fehir Fatih Terim-Stadion\",\n                                        \"address\": \"Ba\u015fak\u015fehir Fatih Terim-Stadion\"\n                                        },\n                                        \"startDate\": \"2026-09-04T19:00:00+00:00\"\n                                    }\n\n\n                                <\/script>\n                            <\/div>\n                        <\/a>\n\n                    <\/div>\n\t\t\t\t\t\t\t\t\t                    <div class=\"table-cell\">\n                        <div class=\"table-cell__info\">\n                            <h4 class=\"table-cell__title\">Erzurumspor FK - Konyaspor<\/h4>\n                            <small class=\"table-cell__date\">05.09.2026, 16:00 Uhr - K\u00e2z\u0131m Karabekir Stadyumu<\/small>\n                        <\/div>\n\n                        <a href=\"https:\/\/sports.tipico.de\/v1\/tpapi\/ctfes\/redirect?campaignId=b2erlfyc&#038;target=https:\/\/sports.tipico.de\/de\/alle\/fussball\/tuerkei\/sueper-lig\" target=\"_blank\" class=\"table-cell__tip btn btn-odds\">\n                            <div class=\"tip-caption\">\n\t\t\t\t\t\t\t\tBeide treffen                            <\/div>\n                            <div class=\"tip-value\">\n\t\t\t\t\t\t\t\t1,70                                <script type=\"application\/ld+json\">\n                                    {\n                                        \"@context\": \"https:\/\/schema.org\",\n                                        \"@type\": \"SportsEvent\",\n                                        \"name\": \"Erzurumspor FK - Konyaspor\",\n                                        \"location\": {\n                                        \"@type\": \"Place\",\n                                        \"name\": \"K\u00e2z\u0131m Karabekir Stadyumu\",\n                                        \"address\": \"K\u00e2z\u0131m Karabekir Stadyumu\"\n                                        },\n                                        \"startDate\": \"2026-09-05T16:00:00+00:00\"\n                                    }\n\n\n                                <\/script>\n                            <\/div>\n                        <\/a>\n\n                    <\/div>\n\t\t\t\t\t\t\t\t\t                    <div class=\"table-cell\">\n                        <div class=\"table-cell__info\">\n                            <h4 class=\"table-cell__title\">Fenerbahce - Besiktas<\/h4>\n                            <small class=\"table-cell__date\">05.09.2026, 19:00 Uhr - Chobani Stadion<\/small>\n                        <\/div>\n\n                        <a href=\"https:\/\/sports.tipico.de\/v1\/tpapi\/ctfes\/redirect?campaignId=b2erlfyc&#038;target=https:\/\/sports.tipico.de\/de\/alle\/fussball\/tuerkei\/sueper-lig\" target=\"_blank\" class=\"table-cell__tip btn btn-odds\">\n                            <div class=\"tip-caption\">\n\t\t\t\t\t\t\t\tTipp 1                            <\/div>\n                            <div class=\"tip-value\">\n\t\t\t\t\t\t\t\t1,77                                <script type=\"application\/ld+json\">\n                                    {\n                                        \"@context\": \"https:\/\/schema.org\",\n                                        \"@type\": \"SportsEvent\",\n                                        \"name\": \"Fenerbahce - Besiktas\",\n                                        \"location\": {\n                                        \"@type\": \"Place\",\n                                        \"name\": \"Chobani Stadion\",\n                                        \"address\": \"Chobani Stadion\"\n                                        },\n                                        \"startDate\": \"2026-09-05T19:00:00+00:00\"\n                                    }\n\n\n                                <\/script>\n                            <\/div>\n                        <\/a>\n\n                    <\/div>\n\t\t\t\t\t\t\t\t\t                    <div class=\"table-cell\">\n                        <div class=\"table-cell__info\">\n                            <h4 class=\"table-cell__title\">Corum FK - Ey\u00fcpspor<\/h4>\n                            <small class=\"table-cell__date\">06.09.2026, 16:00 Uhr - Corum Stadyumu<\/small>\n                        <\/div>\n\n                        <a href=\"https:\/\/sports.tipico.de\/v1\/tpapi\/ctfes\/redirect?campaignId=b2erlfyc&#038;target=https:\/\/sports.tipico.de\/de\/alle\/fussball\/tuerkei\/sueper-lig\" target=\"_blank\" class=\"table-cell__tip btn btn-odds\">\n                            <div class=\"tip-caption\">\n\t\t\t\t\t\t\t\tTipp 1                            <\/div>\n                            <div class=\"tip-value\">\n\t\t\t\t\t\t\t\t1,65                                <script type=\"application\/ld+json\">\n                                    {\n                                        \"@context\": \"https:\/\/schema.org\",\n                                        \"@type\": \"SportsEvent\",\n                                        \"name\": \"Corum FK - Ey\u00fcpspor\",\n                                        \"location\": {\n                                        \"@type\": \"Place\",\n                                        \"name\": \"Corum Stadyumu\",\n                                        \"address\": \"Corum Stadyumu\"\n                                        },\n                                        \"startDate\": \"2026-09-06T16:00:00+00:00\"\n                                    }\n\n\n                                <\/script>\n                            <\/div>\n                        <\/a>\n\n                    <\/div>\n\t\t\t\t\t\t\t\t\t                    <div class=\"table-cell\">\n                        <div class=\"table-cell__info\">\n                            <h4 class=\"table-cell__title\">Kasimpasa - Amedspor<\/h4>\n                            <small class=\"table-cell__date\">06.09.2026, 16:00 Uhr - Recep-Tayyip-Erdo\u011fan-Stadion<\/small>\n                        <\/div>\n\n                        <a href=\"https:\/\/sports.tipico.de\/v1\/tpapi\/ctfes\/redirect?campaignId=b2erlfyc&#038;target=https:\/\/sports.tipico.de\/de\/alle\/fussball\/tuerkei\/sueper-lig\" target=\"_blank\" class=\"table-cell__tip btn btn-odds\">\n                            <div class=\"tip-caption\">\n\t\t\t\t\t\t\t\tUnter 2,5                            <\/div>\n                            <div class=\"tip-value\">\n\t\t\t\t\t\t\t\t1,70                                <script type=\"application\/ld+json\">\n                                    {\n                                        \"@context\": \"https:\/\/schema.org\",\n                                        \"@type\": \"SportsEvent\",\n                                        \"name\": \"Kasimpasa - Amedspor\",\n                                        \"location\": {\n                                        \"@type\": \"Place\",\n                                        \"name\": \"Recep-Tayyip-Erdo\u011fan-Stadion\",\n                                        \"address\": \"Recep-Tayyip-Erdo\u011fan-Stadion\"\n                                        },\n                                        \"startDate\": \"2026-09-06T16:00:00+00:00\"\n                                    }\n\n\n                                <\/script>\n                            <\/div>\n                        <\/a>\n\n                    <\/div>\n\t\t\t\t\t\t\t\t\t                    <div class=\"table-cell\">\n                        <div class=\"table-cell__info\">\n                            <h4 class=\"table-cell__title\">Kocaelispor - Samsunspor<\/h4>\n                            <small class=\"table-cell__date\">06.09.2026, 19:00 Uhr - Yildiz Entegre Kocaeli Stadyumu<\/small>\n                        <\/div>\n\n                        <a href=\"https:\/\/sports.tipico.de\/v1\/tpapi\/ctfes\/redirect?campaignId=b2erlfyc&#038;target=https:\/\/sports.tipico.de\/de\/alle\/fussball\/tuerkei\/sueper-lig\" target=\"_blank\" class=\"table-cell__tip btn btn-odds\">\n                            <div class=\"tip-caption\">\n\t\t\t\t\t\t\t\tTipp X                            <\/div>\n                            <div class=\"tip-value\">\n\t\t\t\t\t\t\t\t3,00                                <script type=\"application\/ld+json\">\n                                    {\n                                        \"@context\": \"https:\/\/schema.org\",\n                                        \"@type\": \"SportsEvent\",\n                                        \"name\": \"Kocaelispor - Samsunspor\",\n                                        \"location\": {\n                                        \"@type\": \"Place\",\n                                        \"name\": \"Yildiz Entegre Kocaeli Stadyumu\",\n                                        \"address\": \"Yildiz Entegre Kocaeli Stadyumu\"\n                                        },\n                                        \"startDate\": \"2026-09-06T19:00:00+00:00\"\n                                    }\n\n\n                                <\/script>\n                            <\/div>\n                        <\/a>\n\n                    <\/div>\n\t\t\t\t\t\t\t\t\t                    <div class=\"table-cell\">\n                        <div class=\"table-cell__info\">\n                            <h4 class=\"table-cell__title\">Trabzonspor - Genclerbirligi<\/h4>\n                            <small class=\"table-cell__date\">06.09.2026, 19:00 Uhr - Papara Park<\/small>\n                        <\/div>\n\n                        <a href=\"https:\/\/sports.tipico.de\/v1\/tpapi\/ctfes\/redirect?campaignId=b2erlfyc&#038;target=https:\/\/sports.tipico.de\/de\/alle\/fussball\/tuerkei\/sueper-lig\" target=\"_blank\" class=\"table-cell__tip btn btn-odds\">\n                            <div class=\"tip-caption\">\n\t\t\t\t\t\t\t\tTipp 1                            <\/div>\n                            <div class=\"tip-value\">\n\t\t\t\t\t\t\t\t1,57                                <script type=\"application\/ld+json\">\n                                    {\n                                        \"@context\": \"https:\/\/schema.org\",\n                                        \"@type\": \"SportsEvent\",\n                                        \"name\": \"Trabzonspor - Genclerbirligi\",\n                                        \"location\": {\n                                        \"@type\": \"Place\",\n                                        \"name\": \"Papara Park\",\n                                        \"address\": \"Papara Park\"\n                                        },\n                                        \"startDate\": \"2026-09-06T19:00:00+00:00\"\n                                    }\n\n\n                                <\/script>\n                            <\/div>\n                        <\/a>\n\n                    <\/div>\n\t\t\t\t\t\t\t\t\t                    <div class=\"table-cell\">\n                        <div class=\"table-cell__info\">\n                            <h4 class=\"table-cell__title\">Rizespor - Alanyaspor<\/h4>\n                            <small class=\"table-cell__date\">07.09.2026, 19:00 Uhr - \u00c7aykur Didi Stadyumu<\/small>\n                        <\/div>\n\n                        <a href=\"https:\/\/sports.tipico.de\/v1\/tpapi\/ctfes\/redirect?campaignId=b2erlfyc&#038;target=https:\/\/sports.tipico.de\/de\/alle\/fussball\/tuerkei\/sueper-lig\" target=\"_blank\" class=\"table-cell__tip btn btn-odds\">\n                            <div class=\"tip-caption\">\n\t\t\t\t\t\t\t\tTipp 1                            <\/div>\n                            <div class=\"tip-value\">\n\t\t\t\t\t\t\t\t1,85                                <script type=\"application\/ld+json\">\n                                    {\n                                        \"@context\": \"https:\/\/schema.org\",\n                                        \"@type\": \"SportsEvent\",\n                                        \"name\": \"Rizespor - Alanyaspor\",\n                                        \"location\": {\n                                        \"@type\": \"Place\",\n                                        \"name\": \"\u00c7aykur Didi Stadyumu\",\n                                        \"address\": \"\u00c7aykur Didi Stadyumu\"\n                                        },\n                                        \"startDate\": \"2026-09-07T19:00:00+00:00\"\n                                    }\n\n\n                                <\/script>\n                            <\/div>\n                        <\/a>\n\n                    <\/div>\n\t\t\t\t\t\t\t\t\t                    <div class=\"table-cell\">\n                        <div class=\"table-cell__info\">\n                            <h4 class=\"table-cell__title\">G\u00f6ztepe SK - Gaziantep FK<\/h4>\n                            <small class=\"table-cell__date\">07.09.2026, 19:00 Uhr - G\u00fcrsel Aksel Stadyumu<\/small>\n                        <\/div>\n\n                        <a href=\"https:\/\/sports.tipico.de\/v1\/tpapi\/ctfes\/redirect?campaignId=b2erlfyc&#038;target=https:\/\/sports.tipico.de\/de\/alle\/fussball\/tuerkei\/sueper-lig\" target=\"_blank\" class=\"table-cell__tip btn btn-odds\">\n                            <div class=\"tip-caption\">\n\t\t\t\t\t\t\t\t\u00dcber 2,5                            <\/div>\n                            <div class=\"tip-value\">\n\t\t\t\t\t\t\t\t1,77                                <script type=\"application\/ld+json\">\n                                    {\n                                        \"@context\": \"https:\/\/schema.org\",\n                                        \"@type\": \"SportsEvent\",\n                                        \"name\": \"G\u00f6ztepe SK - Gaziantep FK\",\n                                        \"location\": {\n                                        \"@type\": \"Place\",\n                                        \"name\": \"G\u00fcrsel Aksel Stadyumu\",\n                                        \"address\": \"G\u00fcrsel Aksel Stadyumu\"\n                                        },\n                                        \"startDate\": \"2026-09-07T19:00:00+00:00\"\n                                    }\n\n\n                                <\/script>\n                            <\/div>\n                        <\/a>\n\n                    <\/div>\n\t\t\t\t            <\/div>\n        <\/div>\n\t\t<small class=\"b-age-notice\">Quoten\u00e4nderungen vorbehalten<\/small>\t\n\n","protected":false},"excerpt":{"rendered":"<p>Bei Galatasaray rumort es offenbar hinter den Kulissen: Leroy San\u00e9 soll intern seinen Unmut \u00fcber zu wenig Einsatzzeit ge\u00e4u\u00dfert haben. Das berichtet die t\u00fcrkische Zeitung Sabah, wie auch die Sport Bild aufgreift. Der 30-J\u00e4hrige sieht sich demnach nicht in der Rolle des Jokers &#8211; eine Ansage, die er auch bei den Klubverantwortlichen platziert haben soll. [&hellip;]<\/p>\n","protected":false},"author":59,"featured_media":65762,"comment_status":"closed","ping_status":"closed","sticky":false,"template":"","format":"standard","meta":{"_acf_changed":false,"dw_urn":"","dw_version":0,"dw_version_created":"","dw_updated":"","footnotes":""},"tags":[],"news-category":[2516],"sport-news":[],"class_list":["post-498793","post","type-post","status-publish","format-standard","has-post-thumbnail","hentry","news-category-fussball-heute"],"acf":{"live_content":"","product":{"name":"","description":"","image":"","offers":{"price":"","pricecurrency":"EUR"}},"howto":{"name":"","description":"","image":"","totaltime":"","tool":{"name":"","image":""},"steps":null},"sportsevent":{"name":"","description":"","hometeam":"","awayteam":"","sport":"","competitor":"","startdate":"","location_name":"","streetaddress":"","addresslocality":"","addressregion":"","postalcode":"","addresscountry":"","eventschedule":{"startdate":null,"enddate":null,"starttime":"","endtime":"","scheduletimezone":"Europe\/London"}},"faq_title":"FAQ","faq_items":null},"yoast_head":"<!-- This site is optimized with the Yoast SEO Premium plugin v28.0 (Yoast SEO v28.4) - https:\/\/yoast.com\/product\/yoast-seo-premium-wordpress\/ -->\n<title>Galatasaray: Ex-FCB-Star San\u00e9 platzt intern der Kragen - das ist der Grund<\/title>\n<meta name=\"description\" content=\"Leroy San\u00e9 soll bei Galatasaray intern deutliche Worte gefunden haben. Der Ausl\u00f6ser liegt in seiner Rolle der vergangenen beiden Ligaspiele.\" \/>\n<meta name=\"robots\" content=\"index, follow, max-snippet:-1, max-image-preview:large, max-video-preview:-1\" \/>\n<link rel=\"canonical\" href=\"https:\/\/www.tipico.de\/wett-tipps\/sportwetten-news\/galatasaray-ex-fcb-star-sane-platzt-intern-der-kragen-das-ist-der-grund\" \/>\n<meta property=\"og:locale\" content=\"de_DE\" \/>\n<meta property=\"og:type\" content=\"article\" \/>\n<meta property=\"og:title\" content=\"Galatasaray: Ex-FCB-Star San\u00e9 platzt intern der Kragen - das ist der Grund\" \/>\n<meta property=\"og:description\" content=\"Leroy San\u00e9 soll bei Galatasaray intern deutliche Worte gefunden haben. Der Ausl\u00f6ser liegt in seiner Rolle der vergangenen beiden Ligaspiele.\" \/>\n<meta property=\"og:url\" content=\"https:\/\/www.tipico.de\/wett-tipps\/sportwetten-news\/galatasaray-ex-fcb-star-sane-platzt-intern-der-kragen-das-ist-der-grund\" \/>\n<meta property=\"og:site_name\" content=\"Tipico Wett Tipps\" \/>\n<meta property=\"article:publisher\" content=\"https:\/\/www.facebook.com\/tipico\/\" \/>\n<meta property=\"article:published_time\" content=\"2026-09-04T06:53:36+00:00\" \/>\n<meta property=\"og:image\" content=\"https:\/\/www.tipico.de\/wett-tipps\/wp-content\/uploads\/2023\/08\/FANS-GALATASARAY.jpg\" \/>\n\t<meta property=\"og:image:width\" content=\"1200\" \/>\n\t<meta property=\"og:image:height\" content=\"800\" \/>\n\t<meta property=\"og:image:type\" content=\"image\/jpeg\" \/>\n<meta name=\"author\" content=\"Christian Becker\" \/>\n<meta name=\"twitter:card\" content=\"summary_large_image\" \/>\n<meta name=\"twitter:creator\" content=\"@Tipico_de\" \/>\n<meta name=\"twitter:site\" content=\"@Tipico_de\" \/>\n<meta name=\"twitter:label1\" content=\"Verfasst von\" \/>\n\t<meta name=\"twitter:data1\" content=\"Christian Becker\" \/>\n\t<meta name=\"twitter:label2\" content=\"Gesch\u00e4tzte Lesezeit\" \/>\n\t<meta name=\"twitter:data2\" content=\"3\u00a0Minuten\" \/>\n<script type=\"application\/ld+json\" class=\"yoast-schema-graph\">{\"@context\":\"https:\\\/\\\/schema.org\",\"@graph\":[{\"@type\":\"NewsArticle\",\"@id\":\"https:\\\/\\\/www.tipico.de\\\/wett-tipps\\\/sportwetten-news\\\/galatasaray-ex-fcb-star-sane-platzt-intern-der-kragen-das-ist-der-grund#article\",\"isPartOf\":{\"@id\":\"https:\\\/\\\/www.tipico.de\\\/wett-tipps\\\/sportwetten-news\\\/galatasaray-ex-fcb-star-sane-platzt-intern-der-kragen-das-ist-der-grund\"},\"author\":{\"name\":\"Christian Becker\",\"@id\":\"https:\\\/\\\/www.tipico.de\\\/wett-tipps\\\/#\\\/schema\\\/person\\\/ea57823e6961293ba011e93ac8befdd8\"},\"headline\":\"Galatasaray: Ex-FCB-Star San\u00e9 platzt intern der Kragen &#8211; das ist der Grund\",\"datePublished\":\"2026-09-04T06:53:36+00:00\",\"mainEntityOfPage\":{\"@id\":\"https:\\\/\\\/www.tipico.de\\\/wett-tipps\\\/sportwetten-news\\\/galatasaray-ex-fcb-star-sane-platzt-intern-der-kragen-das-ist-der-grund\"},\"wordCount\":462,\"publisher\":{\"@id\":\"https:\\\/\\\/www.tipico.de\\\/wett-tipps\\\/#organization\"},\"image\":{\"@id\":\"https:\\\/\\\/www.tipico.de\\\/wett-tipps\\\/sportwetten-news\\\/galatasaray-ex-fcb-star-sane-platzt-intern-der-kragen-das-ist-der-grund#primaryimage\"},\"thumbnailUrl\":\"https:\\\/\\\/www.tipico.de\\\/wett-tipps\\\/wp-content\\\/uploads\\\/2023\\\/08\\\/FANS-GALATASARAY.jpg\",\"inLanguage\":\"de\",\"copyrightYear\":\"2026\",\"copyrightHolder\":{\"@id\":\"https:\\\/\\\/www.tipico.de\\\/wett-tipps\\\/#organization\"}},{\"@type\":\"WebPage\",\"@id\":\"https:\\\/\\\/www.tipico.de\\\/wett-tipps\\\/sportwetten-news\\\/galatasaray-ex-fcb-star-sane-platzt-intern-der-kragen-das-ist-der-grund\",\"url\":\"https:\\\/\\\/www.tipico.de\\\/wett-tipps\\\/sportwetten-news\\\/galatasaray-ex-fcb-star-sane-platzt-intern-der-kragen-das-ist-der-grund\",\"name\":\"Galatasaray: Ex-FCB-Star San\u00e9 platzt intern der Kragen - das ist der Grund\",\"isPartOf\":{\"@id\":\"https:\\\/\\\/www.tipico.de\\\/wett-tipps\\\/#website\"},\"primaryImageOfPage\":{\"@id\":\"https:\\\/\\\/www.tipico.de\\\/wett-tipps\\\/sportwetten-news\\\/galatasaray-ex-fcb-star-sane-platzt-intern-der-kragen-das-ist-der-grund#primaryimage\"},\"image\":{\"@id\":\"https:\\\/\\\/www.tipico.de\\\/wett-tipps\\\/sportwetten-news\\\/galatasaray-ex-fcb-star-sane-platzt-intern-der-kragen-das-ist-der-grund#primaryimage\"},\"thumbnailUrl\":\"https:\\\/\\\/www.tipico.de\\\/wett-tipps\\\/wp-content\\\/uploads\\\/2023\\\/08\\\/FANS-GALATASARAY.jpg\",\"datePublished\":\"2026-09-04T06:53:36+00:00\",\"description\":\"Leroy San\u00e9 soll bei Galatasaray intern deutliche Worte gefunden haben. Der Ausl\u00f6ser liegt in seiner Rolle der vergangenen beiden Ligaspiele.\",\"breadcrumb\":{\"@id\":\"https:\\\/\\\/www.tipico.de\\\/wett-tipps\\\/sportwetten-news\\\/galatasaray-ex-fcb-star-sane-platzt-intern-der-kragen-das-ist-der-grund#breadcrumb\"},\"inLanguage\":\"de\",\"potentialAction\":[{\"@type\":\"ReadAction\",\"target\":[\"https:\\\/\\\/www.tipico.de\\\/wett-tipps\\\/sportwetten-news\\\/galatasaray-ex-fcb-star-sane-platzt-intern-der-kragen-das-ist-der-grund\"]}]},{\"@type\":\"ImageObject\",\"inLanguage\":\"de\",\"@id\":\"https:\\\/\\\/www.tipico.de\\\/wett-tipps\\\/sportwetten-news\\\/galatasaray-ex-fcb-star-sane-platzt-intern-der-kragen-das-ist-der-grund#primaryimage\",\"url\":\"https:\\\/\\\/www.tipico.de\\\/wett-tipps\\\/wp-content\\\/uploads\\\/2023\\\/08\\\/FANS-GALATASARAY.jpg\",\"contentUrl\":\"https:\\\/\\\/www.tipico.de\\\/wett-tipps\\\/wp-content\\\/uploads\\\/2023\\\/08\\\/FANS-GALATASARAY.jpg\",\"width\":1200,\"height\":800,\"caption\":\"Fans of Galatasaray during the Turkish Super League match between Galatasaray and Fenerbahce at NEF Stadyumu in Istanbul, Turkey, on June 4, 2023. Istanbul Turkey Copyright: xSeskimphotox Gsaray-Fbahce-zfc-040623 50\"},{\"@type\":\"BreadcrumbList\",\"@id\":\"https:\\\/\\\/www.tipico.de\\\/wett-tipps\\\/sportwetten-news\\\/galatasaray-ex-fcb-star-sane-platzt-intern-der-kragen-das-ist-der-grund#breadcrumb\",\"itemListElement\":[{\"@type\":\"ListItem\",\"position\":1,\"name\":\"Start\",\"item\":\"https:\\\/\\\/www.tipico.de\\\/wett-tipps\\\/\"},{\"@type\":\"ListItem\",\"position\":2,\"name\":\"Fu\u00dfball heute\",\"item\":\"https:\\\/\\\/www.tipico.de\\\/wett-tipps\\\/sportwetten-news\\\/category\\\/fussball-heute\"},{\"@type\":\"ListItem\",\"position\":3,\"name\":\"Galatasaray: Ex-FCB-Star San\u00e9 platzt intern der Kragen &#8211; das ist der Grund\"}]},{\"@type\":\"WebSite\",\"@id\":\"https:\\\/\\\/www.tipico.de\\\/wett-tipps\\\/#website\",\"url\":\"https:\\\/\\\/www.tipico.de\\\/wett-tipps\\\/\",\"name\":\"Tipico Wett Tipps\",\"description\":\"Wett Tipps heute &amp; aktuelle Sportwetten News\",\"publisher\":{\"@id\":\"https:\\\/\\\/www.tipico.de\\\/wett-tipps\\\/#organization\"},\"potentialAction\":[{\"@type\":\"SearchAction\",\"target\":{\"@type\":\"EntryPoint\",\"urlTemplate\":\"https:\\\/\\\/www.tipico.de\\\/wett-tipps\\\/?s={search_term_string}\"},\"query-input\":{\"@type\":\"PropertyValueSpecification\",\"valueRequired\":true,\"valueName\":\"search_term_string\"}}],\"inLanguage\":\"de\"},{\"@type\":\"Organization\",\"@id\":\"https:\\\/\\\/www.tipico.de\\\/wett-tipps\\\/#organization\",\"name\":\"Tipico\",\"url\":\"https:\\\/\\\/www.tipico.de\\\/wett-tipps\\\/\",\"logo\":{\"@type\":\"ImageObject\",\"inLanguage\":\"de\",\"@id\":\"https:\\\/\\\/www.tipico.de\\\/wett-tipps\\\/#\\\/schema\\\/logo\\\/image\\\/\",\"url\":\"https:\\\/\\\/www.tipico.de\\\/wett-tipps\\\/wp-content\\\/uploads\\\/2021\\\/02\\\/logo.svg\",\"contentUrl\":\"https:\\\/\\\/www.tipico.de\\\/wett-tipps\\\/wp-content\\\/uploads\\\/2021\\\/02\\\/logo.svg\",\"width\":\"1024\",\"height\":\"1024\",\"caption\":\"Tipico\"},\"image\":{\"@id\":\"https:\\\/\\\/www.tipico.de\\\/wett-tipps\\\/#\\\/schema\\\/logo\\\/image\\\/\"},\"sameAs\":[\"https:\\\/\\\/www.facebook.com\\\/tipico\\\/\",\"https:\\\/\\\/x.com\\\/Tipico_de\"]},{\"@type\":\"Person\",\"@id\":\"https:\\\/\\\/www.tipico.de\\\/wett-tipps\\\/#\\\/schema\\\/person\\\/ea57823e6961293ba011e93ac8befdd8\",\"name\":\"Christian Becker\",\"image\":{\"@type\":\"ImageObject\",\"inLanguage\":\"de\",\"@id\":\"https:\\\/\\\/secure.gravatar.com\\\/avatar\\\/545d34908c434b2bc0f2c1e8b16ffdfa015e88a8caca982cde90fead4d95cd00?s=96&d=mm&r=g\",\"url\":\"https:\\\/\\\/secure.gravatar.com\\\/avatar\\\/545d34908c434b2bc0f2c1e8b16ffdfa015e88a8caca982cde90fead4d95cd00?s=96&d=mm&r=g\",\"contentUrl\":\"https:\\\/\\\/secure.gravatar.com\\\/avatar\\\/545d34908c434b2bc0f2c1e8b16ffdfa015e88a8caca982cde90fead4d95cd00?s=96&d=mm&r=g\",\"caption\":\"Christian Becker\"},\"description\":\"Christian Becker schreibt f\u00fcr den Sport-Blog vor allem \u00fcber internationalen und deutschsprachigen Fu\u00dfball. Besonders intensiv verfolgt er Spiele von Real Madrid sowie Begegnungen der Fu\u00dfball-Bundesliga und der Champions League. Neben Fu\u00dfball besch\u00e4ftigt er sich auch mit Tennis und Tischtennis sowie mit gro\u00dfen internationalen Sportereignissen wie den Olympischen Spielen. In seinen Beitr\u00e4gen arbeitet Christian intensiv mit Statistiken, Formkurven und weiteren Leistungsdaten. Auf Basis dieser Daten erstellt er fundierte Analysen, Prognosen und Tipps zu den wichtigsten Spielen und Sportevents.\",\"url\":\"https:\\\/\\\/www.tipico.de\\\/wett-tipps\\\/author\\\/christian-becker\"}]}<\/script>\n<!-- \/ Yoast SEO Premium plugin. -->","yoast_head_json":{"title":"Galatasaray: Ex-FCB-Star San\u00e9 platzt intern der Kragen - das ist der Grund","description":"Leroy San\u00e9 soll bei Galatasaray intern deutliche Worte gefunden haben. Der Ausl\u00f6ser liegt in seiner Rolle der vergangenen beiden Ligaspiele.","robots":{"index":"index","follow":"follow","max-snippet":"max-snippet:-1","max-image-preview":"max-image-preview:large","max-video-preview":"max-video-preview:-1"},"canonical":"https:\/\/www.tipico.de\/wett-tipps\/sportwetten-news\/galatasaray-ex-fcb-star-sane-platzt-intern-der-kragen-das-ist-der-grund","og_locale":"de_DE","og_type":"article","og_title":"Galatasaray: Ex-FCB-Star San\u00e9 platzt intern der Kragen - das ist der Grund","og_description":"Leroy San\u00e9 soll bei Galatasaray intern deutliche Worte gefunden haben. Der Ausl\u00f6ser liegt in seiner Rolle der vergangenen beiden Ligaspiele.","og_url":"https:\/\/www.tipico.de\/wett-tipps\/sportwetten-news\/galatasaray-ex-fcb-star-sane-platzt-intern-der-kragen-das-ist-der-grund","og_site_name":"Tipico Wett Tipps","article_publisher":"https:\/\/www.facebook.com\/tipico\/","article_published_time":"2026-09-04T06:53:36+00:00","og_image":[{"width":1200,"height":800,"url":"https:\/\/www.tipico.de\/wett-tipps\/wp-content\/uploads\/2023\/08\/FANS-GALATASARAY.jpg","type":"image\/jpeg"}],"author":"Christian Becker","twitter_card":"summary_large_image","twitter_creator":"@Tipico_de","twitter_site":"@Tipico_de","twitter_misc":{"Verfasst von":"Christian Becker","Gesch\u00e4tzte Lesezeit":"3\u00a0Minuten"},"schema":{"@context":"https:\/\/schema.org","@graph":[{"@type":"NewsArticle","@id":"https:\/\/www.tipico.de\/wett-tipps\/sportwetten-news\/galatasaray-ex-fcb-star-sane-platzt-intern-der-kragen-das-ist-der-grund#article","isPartOf":{"@id":"https:\/\/www.tipico.de\/wett-tipps\/sportwetten-news\/galatasaray-ex-fcb-star-sane-platzt-intern-der-kragen-das-ist-der-grund"},"author":{"name":"Christian Becker","@id":"https:\/\/www.tipico.de\/wett-tipps\/#\/schema\/person\/ea57823e6961293ba011e93ac8befdd8"},"headline":"Galatasaray: Ex-FCB-Star San\u00e9 platzt intern der Kragen &#8211; das ist der Grund","datePublished":"2026-09-04T06:53:36+00:00","mainEntityOfPage":{"@id":"https:\/\/www.tipico.de\/wett-tipps\/sportwetten-news\/galatasaray-ex-fcb-star-sane-platzt-intern-der-kragen-das-ist-der-grund"},"wordCount":462,"publisher":{"@id":"https:\/\/www.tipico.de\/wett-tipps\/#organization"},"image":{"@id":"https:\/\/www.tipico.de\/wett-tipps\/sportwetten-news\/galatasaray-ex-fcb-star-sane-platzt-intern-der-kragen-das-ist-der-grund#primaryimage"},"thumbnailUrl":"https:\/\/www.tipico.de\/wett-tipps\/wp-content\/uploads\/2023\/08\/FANS-GALATASARAY.jpg","inLanguage":"de","copyrightYear":"2026","copyrightHolder":{"@id":"https:\/\/www.tipico.de\/wett-tipps\/#organization"}},{"@type":"WebPage","@id":"https:\/\/www.tipico.de\/wett-tipps\/sportwetten-news\/galatasaray-ex-fcb-star-sane-platzt-intern-der-kragen-das-ist-der-grund","url":"https:\/\/www.tipico.de\/wett-tipps\/sportwetten-news\/galatasaray-ex-fcb-star-sane-platzt-intern-der-kragen-das-ist-der-grund","name":"Galatasaray: Ex-FCB-Star San\u00e9 platzt intern der Kragen - das ist der Grund","isPartOf":{"@id":"https:\/\/www.tipico.de\/wett-tipps\/#website"},"primaryImageOfPage":{"@id":"https:\/\/www.tipico.de\/wett-tipps\/sportwetten-news\/galatasaray-ex-fcb-star-sane-platzt-intern-der-kragen-das-ist-der-grund#primaryimage"},"image":{"@id":"https:\/\/www.tipico.de\/wett-tipps\/sportwetten-news\/galatasaray-ex-fcb-star-sane-platzt-intern-der-kragen-das-ist-der-grund#primaryimage"},"thumbnailUrl":"https:\/\/www.tipico.de\/wett-tipps\/wp-content\/uploads\/2023\/08\/FANS-GALATASARAY.jpg","datePublished":"2026-09-04T06:53:36+00:00","description":"Leroy San\u00e9 soll bei Galatasaray intern deutliche Worte gefunden haben. Der Ausl\u00f6ser liegt in seiner Rolle der vergangenen beiden Ligaspiele.","breadcrumb":{"@id":"https:\/\/www.tipico.de\/wett-tipps\/sportwetten-news\/galatasaray-ex-fcb-star-sane-platzt-intern-der-kragen-das-ist-der-grund#breadcrumb"},"inLanguage":"de","potentialAction":[{"@type":"ReadAction","target":["https:\/\/www.tipico.de\/wett-tipps\/sportwetten-news\/galatasaray-ex-fcb-star-sane-platzt-intern-der-kragen-das-ist-der-grund"]}]},{"@type":"ImageObject","inLanguage":"de","@id":"https:\/\/www.tipico.de\/wett-tipps\/sportwetten-news\/galatasaray-ex-fcb-star-sane-platzt-intern-der-kragen-das-ist-der-grund#primaryimage","url":"https:\/\/www.tipico.de\/wett-tipps\/wp-content\/uploads\/2023\/08\/FANS-GALATASARAY.jpg","contentUrl":"https:\/\/www.tipico.de\/wett-tipps\/wp-content\/uploads\/2023\/08\/FANS-GALATASARAY.jpg","width":1200,"height":800,"caption":"Fans of Galatasaray during the Turkish Super League match between Galatasaray and Fenerbahce at NEF Stadyumu in Istanbul, Turkey, on June 4, 2023. Istanbul Turkey Copyright: xSeskimphotox Gsaray-Fbahce-zfc-040623 50"},{"@type":"BreadcrumbList","@id":"https:\/\/www.tipico.de\/wett-tipps\/sportwetten-news\/galatasaray-ex-fcb-star-sane-platzt-intern-der-kragen-das-ist-der-grund#breadcrumb","itemListElement":[{"@type":"ListItem","position":1,"name":"Start","item":"https:\/\/www.tipico.de\/wett-tipps\/"},{"@type":"ListItem","position":2,"name":"Fu\u00dfball heute","item":"https:\/\/www.tipico.de\/wett-tipps\/sportwetten-news\/category\/fussball-heute"},{"@type":"ListItem","position":3,"name":"Galatasaray: Ex-FCB-Star San\u00e9 platzt intern der Kragen &#8211; das ist der Grund"}]},{"@type":"WebSite","@id":"https:\/\/www.tipico.de\/wett-tipps\/#website","url":"https:\/\/www.tipico.de\/wett-tipps\/","name":"Tipico Wett Tipps","description":"Wett Tipps heute &amp; aktuelle Sportwetten News","publisher":{"@id":"https:\/\/www.tipico.de\/wett-tipps\/#organization"},"potentialAction":[{"@type":"SearchAction","target":{"@type":"EntryPoint","urlTemplate":"https:\/\/www.tipico.de\/wett-tipps\/?s={search_term_string}"},"query-input":{"@type":"PropertyValueSpecification","valueRequired":true,"valueName":"search_term_string"}}],"inLanguage":"de"},{"@type":"Organization","@id":"https:\/\/www.tipico.de\/wett-tipps\/#organization","name":"Tipico","url":"https:\/\/www.tipico.de\/wett-tipps\/","logo":{"@type":"ImageObject","inLanguage":"de","@id":"https:\/\/www.tipico.de\/wett-tipps\/#\/schema\/logo\/image\/","url":"https:\/\/www.tipico.de\/wett-tipps\/wp-content\/uploads\/2021\/02\/logo.svg","contentUrl":"https:\/\/www.tipico.de\/wett-tipps\/wp-content\/uploads\/2021\/02\/logo.svg","width":"1024","height":"1024","caption":"Tipico"},"image":{"@id":"https:\/\/www.tipico.de\/wett-tipps\/#\/schema\/logo\/image\/"},"sameAs":["https:\/\/www.facebook.com\/tipico\/","https:\/\/x.com\/Tipico_de"]},{"@type":"Person","@id":"https:\/\/www.tipico.de\/wett-tipps\/#\/schema\/person\/ea57823e6961293ba011e93ac8befdd8","name":"Christian Becker","image":{"@type":"ImageObject","inLanguage":"de","@id":"https:\/\/secure.gravatar.com\/avatar\/545d34908c434b2bc0f2c1e8b16ffdfa015e88a8caca982cde90fead4d95cd00?s=96&d=mm&r=g","url":"https:\/\/secure.gravatar.com\/avatar\/545d34908c434b2bc0f2c1e8b16ffdfa015e88a8caca982cde90fead4d95cd00?s=96&d=mm&r=g","contentUrl":"https:\/\/secure.gravatar.com\/avatar\/545d34908c434b2bc0f2c1e8b16ffdfa015e88a8caca982cde90fead4d95cd00?s=96&d=mm&r=g","caption":"Christian Becker"},"description":"Christian Becker schreibt f\u00fcr den Sport-Blog vor allem \u00fcber internationalen und deutschsprachigen Fu\u00dfball. Besonders intensiv verfolgt er Spiele von Real Madrid sowie Begegnungen der Fu\u00dfball-Bundesliga und der Champions League. Neben Fu\u00dfball besch\u00e4ftigt er sich auch mit Tennis und Tischtennis sowie mit gro\u00dfen internationalen Sportereignissen wie den Olympischen Spielen. In seinen Beitr\u00e4gen arbeitet Christian intensiv mit Statistiken, Formkurven und weiteren Leistungsdaten. Auf Basis dieser Daten erstellt er fundierte Analysen, Prognosen und Tipps zu den wichtigsten Spielen und Sportevents.","url":"https:\/\/www.tipico.de\/wett-tipps\/author\/christian-becker"}]}},"_links":{"self":[{"href":"https:\/\/www.tipico.de\/wett-tipps\/wp-json\/wp\/v2\/posts\/498793","targetHints":{"allow":["GET"]}}],"collection":[{"href":"https:\/\/www.tipico.de\/wett-tipps\/wp-json\/wp\/v2\/posts"}],"about":[{"href":"https:\/\/www.tipico.de\/wett-tipps\/wp-json\/wp\/v2\/types\/post"}],"author":[{"embeddable":true,"href":"https:\/\/www.tipico.de\/wett-tipps\/wp-json\/wp\/v2\/users\/59"}],"replies":[{"embeddable":true,"href":"https:\/\/www.tipico.de\/wett-tipps\/wp-json\/wp\/v2\/comments?post=498793"}],"version-history":[{"count":2,"href":"https:\/\/www.tipico.de\/wett-tipps\/wp-json\/wp\/v2\/posts\/498793\/revisions"}],"predecessor-version":[{"id":498796,"href":"https:\/\/www.tipico.de\/wett-tipps\/wp-json\/wp\/v2\/posts\/498793\/revisions\/498796"}],"wp:featuredmedia":[{"embeddable":true,"href":"https:\/\/www.tipico.de\/wett-tipps\/wp-json\/wp\/v2\/media\/65762"}],"wp:attachment":[{"href":"https:\/\/www.tipico.de\/wett-tipps\/wp-json\/wp\/v2\/media?parent=498793"}],"wp:term":[{"taxonomy":"post_tag","embeddable":true,"href":"https:\/\/www.tipico.de\/wett-tipps\/wp-json\/wp\/v2\/tags?post=498793"},{"taxonomy":"news-category","embeddable":true,"href":"https:\/\/www.tipico.de\/wett-tipps\/wp-json\/wp\/v2\/news-category?post=498793"},{"taxonomy":"sport-news","embeddable":true,"href":"https:\/\/www.tipico.de\/wett-tipps\/wp-json\/wp\/v2\/sport-news?post=498793"}],"curies":[{"name":"wp","href":"https:\/\/api.w.org\/{rel}","templated":true}]}}