{"id":498070,"date":"2026-09-03T06:13:55","date_gmt":"2026-09-03T04:13:55","guid":{"rendered":"https:\/\/www.tipico.de\/wett-tipps\/sportwetten-news\/?p=498070"},"modified":"2026-09-03T06:42:26","modified_gmt":"2026-09-03T04:42:26","slug":"vuelta-a-espana-heute-12-etappe-strecke-zeitplan-tv-uebertragung","status":"publish","type":"post","link":"https:\/\/www.tipico.de\/wett-tipps\/sportwetten-news\/vuelta-a-espana-heute-12-etappe-strecke-zeitplan-tv-uebertragung","title":{"rendered":"Vuelta a Espana heute &#8211; 12. Etappe: Strecke, Zeitplan, TV-\u00dcbertragung"},"content":{"rendered":"<p><strong>Vuelta 2026 heute, 12. Etappe<\/strong>: Am Donnerstag (03.09.2026) wird es wieder ernst f\u00fcr die Kletterer. Auf dem Weg von Vera zur Bergankunft am Calar Alto stehen\u00a0f\u00fcnf Anstiege, rund 4.500 H\u00f6henmeter und ein Ziel auf \u00fcber 2.100 Metern auf dem Programm. Es ist die zweite gro\u00dfe Kletterpr\u00fcfung dieser Spanien-Rundfahrt nach dem Alto de Aitana.<\/p>\n<h2>Vuelta a Espana: Die 12. Etappe im Streckenprofil<\/h2>\n<p>Der Start erfolgt in Vera in der Provinz Almer\u00eda, das bei dieser Rundfahrt seine Vuelta-Premiere feiert. Vom Meeresspiegel aus geht es sofort ins Hinterland: Schon nach 7,7 Kilometern beginnt der Alto del Cabecico, 8,3 Kilometer bei 3,3 Prozent, Bergwertung der 3. Kategorie bei Rennkilometer 16.<\/p>\n<p>Nach einer Abfahrt \u00fcber Zurgena und Albox steigt die Stra\u00dfe wieder an. Bei Kilometer 57,5 folgt der Alto de C\u00f3bdar, mit 4,9 Kilometern bei 4,5 Prozent ebenfalls nur der 3. Kategorie zugeordnet. Wirklich Erholung gibt es danach nicht: \u00dcber Chercos beginnt die Auffahrt zum Collado Garc\u00eda, mit 18,5 Kilometern der l\u00e4ngste Anstieg der ersten Etappenh\u00e4lfte, allerdings mit 2,4 Prozent recht moderat. Unterm Strich klettert das Feld dabei rund 40 Kilometer am St\u00fcck.<\/p>\n<p>Von der Passh\u00f6he auf 1.239 Metern f\u00fchrt die l\u00e4ngste Abfahrt des Tages \u00fcber etwa 20 Kilometer nach unten. Bei Kilometer 122,3 beginnt dann das, was man als fr\u00fches Finale bezeichnen kann.<\/p>\n<h3>Der Alto de Velefique als Ausscheidungsberg<\/h3>\n<p>Der <strong>Alto de Velefique<\/strong> ist die erste echte Hochgebirgspr\u00fcfung des Tages: 13,1 Kilometer bei durchschnittlich 7,2 Prozent, 951 H\u00f6henmeter am St\u00fcck, Bergwertung der 1. Kategorie auf 1.789 Metern bei Rennkilometer 135,4. F\u00fcr die ersten drei Fahrer an der Kuppe gibt es zus\u00e4tzlich <strong>Bonussekunden<\/strong>.<\/p>\n<p>Damit eignet sich der Berg hervorragend, um das Feld auszud\u00fcnnen. Wer eine Vorentscheidung sucht, kann hier mit seiner Mannschaft das Tempo versch\u00e4rfen. Bis ins Ziel sind es von dort nur noch 31,2 Kilometer \u2013 und davon f\u00fchren die letzten 16,9 wieder bergauf.<\/p>\n<h3>Schlussanstieg zum Observatorium auf 2.153 Metern<\/h3>\n<p>Nach der kurzen Abfahrt nach Bacares beginnt unmittelbar die Schlusssteigung zum <strong>Calar Alto<\/strong>: 16,9 Kilometer mit durchschnittlich 5,6 Prozent und 952 H\u00f6henmetern hinauf zum astronomischen Observatorium.<\/p>\n<p>Der Durchschnittswert t\u00e4uscht allerdings. Der Calar Alto steigt keineswegs gleichm\u00e4\u00dfig an \u2013 gleich zu Beginn warten Rampen jenseits der zehn Prozent, sp\u00e4ter wechseln sich harte Passagen mit flachen St\u00fccken und sogar kurzen Gef\u00e4llen ab. Das macht ihn taktisch anspruchsvoll: Auf den flacheren Abschnitten k\u00f6nnen kleine Gruppen zusammenarbeiten und Angreifer zur\u00fcckholen, an den steilen Rampen entstehen dagegen innerhalb weniger hundert Meter deutliche Abst\u00e4nde. Besonders interessant wird es drei Kilometer vor dem Ziel, wo ein Kilometer mit rund 9,5 Prozent zu Buche schl\u00e4gt.<\/p>\n<p>Der Calar Alto z\u00e4hlt zu den traditionsreichen Bergank\u00fcnften der Vuelta. Roberto Heras, Igor Ant\u00f3n und Miguel \u00c1ngel L\u00f3pez haben hier bereits gewonnen \u2013 L\u00f3pez zuletzt 2017 gegen die st\u00e4rksten Klassementfahrer seiner Zeit. Neun Jahre sp\u00e4ter kehrt die Rundfahrt zur\u00fcck, und auch diesmal d\u00fcrfte an diesem Berg kein Zufallssieger nach vorne kommen.<\/p>\n<h2>Zeitplan und Wertungen der 12. Etappe<\/h2>\n<ul>\n<li><strong>Start (neutralisiert):<\/strong> 13.07 Uhr in Vera<\/li>\n<li><strong>Erwartete Zielankunft:<\/strong> gegen 17.16 Uhr am Calar Alto<\/li>\n<li><strong>Distanz:<\/strong> 166,6 Kilometer<\/li>\n<li><strong>H\u00f6henmeter:<\/strong> rund 4.500<\/li>\n<li><strong>Zwischensprint:<\/strong> Velefique, Rennkilometer 123,7<\/li>\n<\/ul>\n<p><strong>Die Bergwertungen im \u00dcberblick:<\/strong><\/p>\n<ul>\n<li>Alto del Cabecico (471 m) \u2013 3. Kategorie \u2013 8,3 km mit 3,3 % \u2013 km 16,0<\/li>\n<li>Alto de C\u00f3bdar (668 m) \u2013 3. Kategorie \u2013 4,9 km mit 4,5 % \u2013 km 57,5<\/li>\n<li>Collado Garc\u00eda (1.239 m) \u2013 2. Kategorie \u2013 18,5 km mit 2,4 % \u2013 km 86,4<\/li>\n<li>Alto de Velefique (1.789 m) \u2013 1. Kategorie inkl. Zeitbonifikationen \u2013 13,1 km mit 7,2 % \u2013 km 135,4<\/li>\n<li>Calar Alto (2.153 m) \u2013 Bergankunft \u2013 16,9 km mit 5,6 % \u2013 km 166,6<\/li>\n<\/ul>\n<h2>Wer \u00fcbertr\u00e4gt die 12. Etappe der Vuelta im TV und Stream?<\/h2>\n<p>Radsport heute kostenlos gibt es auch am Donnerstag: <strong>Eurosport 1<\/strong> zeigt die 12. Etappe live im Free-TV und geht daf\u00fcr bereits ab 12.45 Uhr auf Sendung \u2013 deutlich fr\u00fcher als an den Vortagen, weil die Bergankunft entsprechend Zeit braucht.<\/p>\n<p>Kostenlos l\u00e4sst sich der Eurosport-Stream zus\u00e4tzlich \u00fcber <strong>Joyn<\/strong> verfolgen. Wer alle Etappen garantiert in voller L\u00e4nge sehen m\u00f6chte, greift zu <strong>HBO Max<\/strong> mit Sport-Add-on, wo die Rennen auch auf Abruf bereitstehen. Ebenfalls kostenpflichtig l\u00e4uft das Eurosport-Programm bei <strong>DAZN<\/strong>. Bei Programm\u00fcberschneidungen kann die \u00dcbertragung im linearen TV auf Eurosport 2 wechseln.<\/p>\n<p><a title=\"Folge uns auf Google\" href=\"https:\/\/www.google.com\/preferences\/source?q=tipico.de\" target=\"_blank\" rel=\"noopener\"><picture><img loading=\"lazy\" decoding=\"async\" src=\"https:\/\/www.tipico.de\/wett-tipps\/wp-content\/uploads\/2026\/05\/google_preferred_source_badge_dark_DE@2x.png\" alt=\"Folge uns auf Google\" width=\"338\" height=\"107\" \/><\/picture><\/a><\/p>\n<p><em>Bei Tipico findest du detaillierte <a href=\"https:\/\/www.tipico.de\/wett-tipps\/sportwetten-tipps\">Sportwetten Tipps<\/a> und passende <a href=\"https:\/\/sports.tipico.de\/v1\/tpapi\/ctfes\/redirect?campaignId=a4krlorh&amp;target=https:\/\/sports.tipico.de\/de\">Sportwetten<\/a>! \u00dcbrigens: Hast du schon von <a href=\"https:\/\/www.tipico.de\/wett-tipps\/tipico-million\">Tipico Million<\/a> geh\u00f6rt? Weitere Nachrichten gibt es bei unseren <a href=\"https:\/\/www.tipico.de\/wett-tipps\/sport-news\">Sport News<\/a>, unseren Content mit <a href=\"https:\/\/sports.tipico.de\/v1\/tpapi\/ctfes\/redirect?campaignId=a4krlorh&amp;target=https:\/\/sports.tipico.de\/de\">Sportwetten<\/a>-Bezug liefern wir dir bei den <a href=\"https:\/\/www.tipico.de\/wett-tipps\/sportwetten-news\">Sportwetten News<\/a>.<\/em><\/p>\n<h3>Wett Tipps heute: Tipps &amp; Quoten<\/h3>\n\n\t        <div class=\"b-table--tips\">\n            <div class=\"table-body\">\n\t\t\t\t\t\t\t\t\t                    <div class=\"table-cell\">\n                        <div class=\"table-cell__info\">\n                            <h4 class=\"table-cell__title\">Vuelta a Espana - 12. Etappe<\/h4>\n                            <small class=\"table-cell__date\">03.09.2026, 13:07 Uhr - Vera - Calar-Alto-Observatorium<\/small>\n                        <\/div>\n\n                        <a href=\"https:\/\/sports.tipico.de\/v1\/tpapi\/ctfes\/redirect?campaignId=hsrrjmxn&#038;target=https:\/\/sports.tipico.de\/de\/alle\/radsport\/vuelta-a-espana\" target=\"_blank\" class=\"table-cell__tip btn btn-odds\">\n                            <div class=\"tip-caption\">\n\t\t\t\t\t\t\t\tDuell M. Aparicio - E. Buchmann Tipp 1                            <\/div>\n                            <div class=\"tip-value\">\n\t\t\t\t\t\t\t\t1,55                                <script type=\"application\/ld+json\">\n                                    {\n                                        \"@context\": \"https:\/\/schema.org\",\n                                        \"@type\": \"SportsEvent\",\n                                        \"name\": \"Vuelta a Espana - 12. Etappe\",\n                                        \"location\": {\n                                        \"@type\": \"Place\",\n                                        \"name\": \"Vera - Calar-Alto-Observatorium\",\n                                        \"address\": \"Vera - Calar-Alto-Observatorium\"\n                                        },\n                                        \"startDate\": \"2026-09-03T13:07:00+00:00\"\n                                    }\n\n\n                                <\/script>\n                            <\/div>\n                        <\/a>\n\n                    <\/div>\n\t\t\t\t\t\t\t\t\t                    <div class=\"table-cell\">\n                        <div class=\"table-cell__info\">\n                            <h4 class=\"table-cell__title\">J.-L- Struff - F. Cerundolo<\/h4>\n                            <small class=\"table-cell__date\">03.09.2026, 17:00 Uhr - New York City, USA<\/small>\n                        <\/div>\n\n                        <a href=\"https:\/\/sports.tipico.de\/v1\/tpapi\/ctfes\/redirect?campaignId=nwtdjkou&#038;target=https:\/\/sports.tipico.de\/de\/alle\/tennis\/us-open\/einzel-herren\" target=\"_blank\" class=\"table-cell__tip btn btn-odds\">\n                            <div class=\"tip-caption\">\n\t\t\t\t\t\t\t\tTipp 1 (HC 1,5:0)                            <\/div>\n                            <div class=\"tip-value\">\n\t\t\t\t\t\t\t\t1,70                                <script type=\"application\/ld+json\">\n                                    {\n                                        \"@context\": \"https:\/\/schema.org\",\n                                        \"@type\": \"SportsEvent\",\n                                        \"name\": \"J.-L- Struff - F. Cerundolo\",\n                                        \"location\": {\n                                        \"@type\": \"Place\",\n                                        \"name\": \"New York City, USA\",\n                                        \"address\": \"New York City, USA\"\n                                        },\n                                        \"startDate\": \"2026-09-03T17:00:00+00:00\"\n                                    }\n\n\n                                <\/script>\n                            <\/div>\n                        <\/a>\n\n                    <\/div>\n\t\t\t\t\t\t\t\t\t                    <div class=\"table-cell\">\n                        <div class=\"table-cell__info\">\n                            <h4 class=\"table-cell__title\">Deutschland - T\u00fcrkei<\/h4>\n                            <small class=\"table-cell__date\">03.09.2026, 18:00 Uhr - Istanbul<\/small>\n                        <\/div>\n\n                        <a href=\"https:\/\/sports.tipico.de\/v1\/tpapi\/ctfes\/redirect?campaignId=ypgqk7gp&#038;target=https:\/\/sports.tipico.de\/de\/alle\/volleyball\/em-2023-damen\" target=\"_blank\" class=\"table-cell__tip btn btn-odds\">\n                            <div class=\"tip-caption\">\n\t\t\t\t\t\t\t\t\u00dcber 3,5 S\u00e4tze                            <\/div>\n                            <div class=\"tip-value\">\n\t\t\t\t\t\t\t\t1,57                                <script type=\"application\/ld+json\">\n                                    {\n                                        \"@context\": \"https:\/\/schema.org\",\n                                        \"@type\": \"SportsEvent\",\n                                        \"name\": \"Deutschland - T\u00fcrkei\",\n                                        \"location\": {\n                                        \"@type\": \"Place\",\n                                        \"name\": \"Istanbul\",\n                                        \"address\": \"Istanbul\"\n                                        },\n                                        \"startDate\": \"2026-09-03T18:00:00+00:00\"\n                                    }\n\n\n                                <\/script>\n                            <\/div>\n                        <\/a>\n\n                    <\/div>\n\t\t\t\t\t\t\t\t\t                    <div class=\"table-cell\">\n                        <div class=\"table-cell__info\">\n                            <h4 class=\"table-cell__title\">SG BBM Bietigheim - THW Kiel<\/h4>\n                            <small class=\"table-cell__date\">03.09.2026, 19:00 Uhr - EgeTrans Arena<\/small>\n                        <\/div>\n\n                        <a href=\"https:\/\/sports.tipico.de\/v1\/tpapi\/ctfes\/redirect?campaignId=cxctkatt&#038;target=https:\/\/sports.tipico.de\/de\/alle\/handball\/deutschland\/bundesliga\" target=\"_blank\" class=\"table-cell__tip btn btn-odds\">\n                            <div class=\"tip-caption\">\n\t\t\t\t\t\t\t\t\u00dcber 61,5                            <\/div>\n                            <div class=\"tip-value\">\n\t\t\t\t\t\t\t\t1,62                                <script type=\"application\/ld+json\">\n                                    {\n                                        \"@context\": \"https:\/\/schema.org\",\n                                        \"@type\": \"SportsEvent\",\n                                        \"name\": \"SG BBM Bietigheim - THW Kiel\",\n                                        \"location\": {\n                                        \"@type\": \"Place\",\n                                        \"name\": \"EgeTrans Arena\",\n                                        \"address\": \"EgeTrans Arena\"\n                                        },\n                                        \"startDate\": \"2026-09-03T19:00:00+00:00\"\n                                    }\n\n\n                                <\/script>\n                            <\/div>\n                        <\/a>\n\n                    <\/div>\n\t\t\t\t\t\t\t\t\t                    <div class=\"table-cell\">\n                        <div class=\"table-cell__info\">\n                            <h4 class=\"table-cell__title\">RB Salzburg - K\u00f6lner Haie<\/h4>\n                            <small class=\"table-cell__date\">03.09.2026, 19:15 Uhr - Eisarena Salzburg<\/small>\n                        <\/div>\n\n                        <a href=\"https:\/\/sports.tipico.de\/v1\/tpapi\/ctfes\/redirect?campaignId=l0kq8hch&#038;target=https:\/\/sports.tipico.de\/de\/alle\/eishockey\/international\/champions-hockey-league\" target=\"_blank\" class=\"table-cell__tip btn btn-odds\">\n                            <div class=\"tip-caption\">\n\t\t\t\t\t\t\t\tTipp 2                            <\/div>\n                            <div class=\"tip-value\">\n\t\t\t\t\t\t\t\t2,20                                <script type=\"application\/ld+json\">\n                                    {\n                                        \"@context\": \"https:\/\/schema.org\",\n                                        \"@type\": \"SportsEvent\",\n                                        \"name\": \"RB Salzburg - K\u00f6lner Haie\",\n                                        \"location\": {\n                                        \"@type\": \"Place\",\n                                        \"name\": \"Eisarena Salzburg\",\n                                        \"address\": \"Eisarena Salzburg\"\n                                        },\n                                        \"startDate\": \"2026-09-03T19:15:00+00:00\"\n                                    }\n\n\n                                <\/script>\n                            <\/div>\n                        <\/a>\n\n                    <\/div>\n\t\t\t\t\t\t\t\t\t                    <div class=\"table-cell\">\n                        <div class=\"table-cell__info\">\n                            <h4 class=\"table-cell__title\">M. Andreeva - E. Lys<\/h4>\n                            <small class=\"table-cell__date\">03.09.2026, 19:50 Uhr - New York City, USA<\/small>\n                        <\/div>\n\n                        <a href=\"https:\/\/sports.tipico.de\/v1\/tpapi\/ctfes\/redirect?campaignId=nwtdjkou&#038;target=https:\/\/sports.tipico.de\/de\/alle\/tennis\/us-open\/einzel-damen\" target=\"_blank\" class=\"table-cell__tip btn btn-odds\">\n                            <div class=\"tip-caption\">\n\t\t\t\t\t\t\t\t\u00dcber 2,5 S\u00e4tze                            <\/div>\n                            <div class=\"tip-value\">\n\t\t\t\t\t\t\t\t3,80                                <script type=\"application\/ld+json\">\n                                    {\n                                        \"@context\": \"https:\/\/schema.org\",\n                                        \"@type\": \"SportsEvent\",\n                                        \"name\": \"M. Andreeva - E. Lys\",\n                                        \"location\": {\n                                        \"@type\": \"Place\",\n                                        \"name\": \"New York City, USA\",\n                                        \"address\": \"New York City, USA\"\n                                        },\n                                        \"startDate\": \"2026-09-03T19:50:00+00:00\"\n                                    }\n\n\n                                <\/script>\n                            <\/div>\n                        <\/a>\n\n                    <\/div>\n\t\t\t\t\t\t\t\t\t                    <div class=\"table-cell\">\n                        <div class=\"table-cell__info\">\n                            <h4 class=\"table-cell__title\">SC Magdeburg - F\u00fcchse Berlin<\/h4>\n                            <small class=\"table-cell__date\">03.09.2026, 20:15 Uhr - GETEC Arena<\/small>\n                        <\/div>\n\n                        <a href=\"https:\/\/sports.tipico.de\/v1\/tpapi\/ctfes\/redirect?campaignId=cxctkatt&#038;target=https:\/\/sports.tipico.de\/de\/alle\/handball\/deutschland\/bundesliga\" target=\"_blank\" class=\"table-cell__tip btn btn-odds\">\n                            <div class=\"tip-caption\">\n\t\t\t\t\t\t\t\tTipp 1 (HC 0:3,5)                            <\/div>\n                            <div class=\"tip-value\">\n\t\t\t\t\t\t\t\t1,67                                <script type=\"application\/ld+json\">\n                                    {\n                                        \"@context\": \"https:\/\/schema.org\",\n                                        \"@type\": \"SportsEvent\",\n                                        \"name\": \"SC Magdeburg - F\u00fcchse Berlin\",\n                                        \"location\": {\n                                        \"@type\": \"Place\",\n                                        \"name\": \"GETEC Arena\",\n                                        \"address\": \"GETEC Arena\"\n                                        },\n                                        \"startDate\": \"2026-09-03T20:15:00+00:00\"\n                                    }\n\n\n                                <\/script>\n                            <\/div>\n                        <\/a>\n\n                    <\/div>\n\t\t\t\t\t\t\t\t\t                    <div class=\"table-cell\">\n                        <div class=\"table-cell__info\">\n                            <h4 class=\"table-cell__title\">N. Bartunkova - T. Maria<\/h4>\n                            <small class=\"table-cell__date\">03.09.2026, 20:30 Uhr - New York City, USA<\/small>\n                        <\/div>\n\n                        <a href=\"https:\/\/sports.tipico.de\/v1\/tpapi\/ctfes\/redirect?campaignId=nwtdjkou&#038;target=https:\/\/sports.tipico.de\/de\/alle\/tennis\/us-open\/einzel-damen\" target=\"_blank\" class=\"table-cell__tip btn btn-odds\">\n                            <div class=\"tip-caption\">\n\t\t\t\t\t\t\t\tTipp 2 (HC 0:1,5)                            <\/div>\n                            <div class=\"tip-value\">\n\t\t\t\t\t\t\t\t1,70                                <script type=\"application\/ld+json\">\n                                    {\n                                        \"@context\": \"https:\/\/schema.org\",\n                                        \"@type\": \"SportsEvent\",\n                                        \"name\": \"N. Bartunkova - T. Maria\",\n                                        \"location\": {\n                                        \"@type\": \"Place\",\n                                        \"name\": \"New York City, USA\",\n                                        \"address\": \"New York City, USA\"\n                                        },\n                                        \"startDate\": \"2026-09-03T20:30:00+00:00\"\n                                    }\n\n\n                                <\/script>\n                            <\/div>\n                        <\/a>\n\n                    <\/div>\n\t\t\t\t\t\t\t\t\t                    <div class=\"table-cell\">\n                        <div class=\"table-cell__info\">\n                            <h4 class=\"table-cell__title\">FC Toulouse - LOSC Lille<\/h4>\n                            <small class=\"table-cell__date\">03.09.2026, 20:45 Uhr - Stadium de Toulouse<\/small>\n                        <\/div>\n\n                        <a href=\"https:\/\/sports.tipico.de\/v1\/tpapi\/ctfes\/redirect?campaignId=sgzjxkws&#038;target=https:\/\/sports.tipico.de\/de\/alle\/fussball\/frankreich\/ligue-1\" target=\"_blank\" class=\"table-cell__tip btn btn-odds\">\n                            <div class=\"tip-caption\">\n\t\t\t\t\t\t\t\tTipp 2                            <\/div>\n                            <div class=\"tip-value\">\n\t\t\t\t\t\t\t\t1,93                                <script type=\"application\/ld+json\">\n                                    {\n                                        \"@context\": \"https:\/\/schema.org\",\n                                        \"@type\": \"SportsEvent\",\n                                        \"name\": \"FC Toulouse - LOSC Lille\",\n                                        \"location\": {\n                                        \"@type\": \"Place\",\n                                        \"name\": \"Stadium de Toulouse\",\n                                        \"address\": \"Stadium de Toulouse\"\n                                        },\n                                        \"startDate\": \"2026-09-03T20:45:00+00:00\"\n                                    }\n\n\n                                <\/script>\n                            <\/div>\n                        <\/a>\n\n                    <\/div>\n\t\t\t\t\t\t\t\t\t                    <div class=\"table-cell\">\n                        <div class=\"table-cell__info\">\n                            <h4 class=\"table-cell__title\">Real Sociedad - Celta Vigo<\/h4>\n                            <small class=\"table-cell__date\">03.09.2026, 21:00 Uhr - Anoeta Stadium<\/small>\n                        <\/div>\n\n                        <a href=\"https:\/\/sports.tipico.de\/v1\/tpapi\/ctfes\/redirect?campaignId=ov6ywgqq&#038;target=https:\/\/sports.tipico.de\/de\/alle\/fussball\/spanien\/la-liga\" target=\"_blank\" class=\"table-cell__tip btn btn-odds\">\n                            <div class=\"tip-caption\">\n\t\t\t\t\t\t\t\tTipp 1                            <\/div>\n                            <div class=\"tip-value\">\n\t\t\t\t\t\t\t\t1,83                                <script type=\"application\/ld+json\">\n                                    {\n                                        \"@context\": \"https:\/\/schema.org\",\n                                        \"@type\": \"SportsEvent\",\n                                        \"name\": \"Real Sociedad - Celta Vigo\",\n                                        \"location\": {\n                                        \"@type\": \"Place\",\n                                        \"name\": \"Anoeta Stadium\",\n                                        \"address\": \"Anoeta Stadium\"\n                                        },\n                                        \"startDate\": \"2026-09-03T21:00:00+00:00\"\n                                    }\n\n\n                                <\/script>\n                            <\/div>\n                        <\/a>\n\n                    <\/div>\n\t\t\t\t\t\t\t\t\t                    <div class=\"table-cell\">\n                        <div class=\"table-cell__info\">\n                            <h4 class=\"table-cell__title\">Chicago Cubs - Milwaukee Brewers<\/h4>\n                            <small class=\"table-cell__date\">04.09.2026, 01:15 Uhr - Wrigley Field<\/small>\n                        <\/div>\n\n                        <a href=\"https:\/\/sports.tipico.de\/v1\/tpapi\/ctfes\/redirect?campaignId=diwzuiri&#038;target=https:\/\/sports.tipico.de\/de\/alle\/baseball\/usa\/mlb\" target=\"_blank\" class=\"table-cell__tip btn btn-odds\">\n                            <div class=\"tip-caption\">\n\t\t\t\t\t\t\t\t\u00dcber 7,5 Runs                            <\/div>\n                            <div class=\"tip-value\">\n\t\t\t\t\t\t\t\t1,62                                <script type=\"application\/ld+json\">\n                                    {\n                                        \"@context\": \"https:\/\/schema.org\",\n                                        \"@type\": \"SportsEvent\",\n                                        \"name\": \"Chicago Cubs - Milwaukee Brewers\",\n                                        \"location\": {\n                                        \"@type\": \"Place\",\n                                        \"name\": \"Wrigley Field\",\n                                        \"address\": \"Wrigley Field\"\n                                        },\n                                        \"startDate\": \"2026-09-04T01:15:00+00:00\"\n                                    }\n\n\n                                <\/script>\n                            <\/div>\n                        <\/a>\n\n                    <\/div>\n\t\t\t\t\t\t\t\t\t                    <div class=\"table-cell\">\n                        <div class=\"table-cell__info\">\n                            <h4 class=\"table-cell__title\">A. Zverev - Q. Halys<\/h4>\n                            <small class=\"table-cell__date\">04.09.2026, 02:10 Uhr - New York City, USA<\/small>\n                        <\/div>\n\n                        <a href=\"https:\/\/sports.tipico.de\/v1\/tpapi\/ctfes\/redirect?campaignId=nwtdjkou&#038;target=https:\/\/sports.tipico.de\/de\/alle\/tennis\/us-open\/einzel-herren\" target=\"_blank\" class=\"table-cell__tip btn btn-odds\">\n                            <div class=\"tip-caption\">\n\t\t\t\t\t\t\t\tSatzwette 3:0                            <\/div>\n                            <div class=\"tip-value\">\n\t\t\t\t\t\t\t\t2,05                                <script type=\"application\/ld+json\">\n                                    {\n                                        \"@context\": \"https:\/\/schema.org\",\n                                        \"@type\": \"SportsEvent\",\n                                        \"name\": \"A. Zverev - Q. Halys\",\n                                        \"location\": {\n                                        \"@type\": \"Place\",\n                                        \"name\": \"New York City, USA\",\n                                        \"address\": \"New York City, USA\"\n                                        },\n                                        \"startDate\": \"2026-09-04T02:10:00+00:00\"\n                                    }\n\n\n                                <\/script>\n                            <\/div>\n                        <\/a>\n\n                    <\/div>\n\t\t\t\t            <\/div>\n        <\/div>\n\t\t<small class=\"b-age-notice\">Quoten\u00e4nderungen vorbehalten<\/small>\t\n\n","protected":false},"excerpt":{"rendered":"<p>Vuelta 2026 heute, 12. Etappe: Am Donnerstag (03.09.2026) wird es wieder ernst f\u00fcr die Kletterer. Auf dem Weg von Vera zur Bergankunft am Calar Alto stehen\u00a0f\u00fcnf Anstiege, rund 4.500 H\u00f6henmeter und ein Ziel auf \u00fcber 2.100 Metern auf dem Programm. Es ist die zweite gro\u00dfe Kletterpr\u00fcfung dieser Spanien-Rundfahrt nach dem Alto de Aitana. Vuelta a [&hellip;]<\/p>\n","protected":false},"author":110,"featured_media":476305,"comment_status":"closed","ping_status":"closed","sticky":false,"template":"","format":"standard","meta":{"_acf_changed":false,"dw_urn":"","dw_version":0,"dw_version_created":"","dw_updated":"","footnotes":""},"tags":[],"news-category":[2517],"sport-news":[],"class_list":["post-498070","post","type-post","status-publish","format-standard","has-post-thumbnail","hentry","news-category-sport-heute"],"acf":{"live_content":"","product":{"name":"","description":"","image":"","offers":{"price":"","pricecurrency":"EUR"}},"howto":{"name":"","description":"","image":"","totaltime":"","tool":{"name":"","image":""},"steps":null},"sportsevent":{"name":"","description":"","hometeam":"","awayteam":"","sport":"","competitor":"","startdate":"","location_name":"","streetaddress":"","addresslocality":"","addressregion":"","postalcode":"","addresscountry":"","eventschedule":{"startdate":null,"enddate":null,"starttime":"","endtime":"","scheduletimezone":"Europe\/London"}},"faq_title":"FAQ","faq_items":null},"yoast_head":"<!-- This site is optimized with the Yoast SEO Premium plugin v28.0 (Yoast SEO v28.4) - https:\/\/yoast.com\/product\/yoast-seo-premium-wordpress\/ -->\n<title>Vuelta a Espana heute - 12. Etappe: Strecke, Zeitplan, TV-\u00dcbertragung<\/title>\n<meta name=\"description\" content=\"Vuelta heute: Bergankunft am Calar Alto auf \u00fcber 2.100 Metern - und drei Kilometer vor dem Ziel wartet die entscheidende Rampe.\" \/>\n<meta name=\"robots\" content=\"index, follow, max-snippet:-1, max-image-preview:large, max-video-preview:-1\" \/>\n<link rel=\"canonical\" href=\"https:\/\/www.tipico.de\/wett-tipps\/sportwetten-news\/vuelta-a-espana-heute-12-etappe-strecke-zeitplan-tv-uebertragung\" \/>\n<meta property=\"og:locale\" content=\"de_DE\" \/>\n<meta property=\"og:type\" content=\"article\" \/>\n<meta property=\"og:title\" content=\"Vuelta a Espana heute - 12. Etappe: Strecke, Zeitplan, TV-\u00dcbertragung\" \/>\n<meta property=\"og:description\" content=\"Vuelta heute: Bergankunft am Calar Alto auf \u00fcber 2.100 Metern - und drei Kilometer vor dem Ziel wartet die entscheidende Rampe.\" \/>\n<meta property=\"og:url\" content=\"https:\/\/www.tipico.de\/wett-tipps\/sportwetten-news\/vuelta-a-espana-heute-12-etappe-strecke-zeitplan-tv-uebertragung\" \/>\n<meta property=\"og:site_name\" content=\"Tipico Wett Tipps\" \/>\n<meta property=\"article:publisher\" content=\"https:\/\/www.facebook.com\/tipico\/\" \/>\n<meta property=\"article:published_time\" content=\"2026-09-03T04:13:55+00:00\" \/>\n<meta property=\"article:modified_time\" content=\"2026-09-03T04:42:26+00:00\" \/>\n<meta property=\"og:image\" content=\"https:\/\/www.tipico.de\/wett-tipps\/wp-content\/uploads\/2026\/07\/Tour-de-france-1.jpg\" \/>\n\t<meta property=\"og:image:width\" content=\"1200\" \/>\n\t<meta property=\"og:image:height\" content=\"800\" \/>\n\t<meta property=\"og:image:type\" content=\"image\/jpeg\" \/>\n<meta name=\"author\" content=\"Matthias Schmied\" \/>\n<meta name=\"twitter:card\" content=\"summary_large_image\" \/>\n<meta name=\"twitter:creator\" content=\"@Tipico_de\" \/>\n<meta name=\"twitter:site\" content=\"@Tipico_de\" \/>\n<meta name=\"twitter:label1\" content=\"Verfasst von\" \/>\n\t<meta name=\"twitter:data1\" content=\"Matthias Schmied\" \/>\n\t<meta name=\"twitter:label2\" content=\"Gesch\u00e4tzte Lesezeit\" \/>\n\t<meta name=\"twitter:data2\" content=\"5\u00a0Minuten\" \/>\n<script type=\"application\/ld+json\" class=\"yoast-schema-graph\">{\"@context\":\"https:\\\/\\\/schema.org\",\"@graph\":[{\"@type\":\"NewsArticle\",\"@id\":\"https:\\\/\\\/www.tipico.de\\\/wett-tipps\\\/sportwetten-news\\\/vuelta-a-espana-heute-12-etappe-strecke-zeitplan-tv-uebertragung#article\",\"isPartOf\":{\"@id\":\"https:\\\/\\\/www.tipico.de\\\/wett-tipps\\\/sportwetten-news\\\/vuelta-a-espana-heute-12-etappe-strecke-zeitplan-tv-uebertragung\"},\"author\":{\"name\":\"Matthias Schmied\",\"@id\":\"https:\\\/\\\/www.tipico.de\\\/wett-tipps\\\/#\\\/schema\\\/person\\\/55da74069990e12cea68c4d62025ae67\"},\"headline\":\"Vuelta a Espana heute &#8211; 12. Etappe: Strecke, Zeitplan, TV-\u00dcbertragung\",\"datePublished\":\"2026-09-03T04:13:55+00:00\",\"dateModified\":\"2026-09-03T04:42:26+00:00\",\"mainEntityOfPage\":{\"@id\":\"https:\\\/\\\/www.tipico.de\\\/wett-tipps\\\/sportwetten-news\\\/vuelta-a-espana-heute-12-etappe-strecke-zeitplan-tv-uebertragung\"},\"wordCount\":700,\"publisher\":{\"@id\":\"https:\\\/\\\/www.tipico.de\\\/wett-tipps\\\/#organization\"},\"image\":{\"@id\":\"https:\\\/\\\/www.tipico.de\\\/wett-tipps\\\/sportwetten-news\\\/vuelta-a-espana-heute-12-etappe-strecke-zeitplan-tv-uebertragung#primaryimage\"},\"thumbnailUrl\":\"https:\\\/\\\/www.tipico.de\\\/wett-tipps\\\/wp-content\\\/uploads\\\/2026\\\/07\\\/Tour-de-france-1.jpg\",\"inLanguage\":\"de\",\"copyrightYear\":\"2026\",\"copyrightHolder\":{\"@id\":\"https:\\\/\\\/www.tipico.de\\\/wett-tipps\\\/#organization\"}},{\"@type\":\"WebPage\",\"@id\":\"https:\\\/\\\/www.tipico.de\\\/wett-tipps\\\/sportwetten-news\\\/vuelta-a-espana-heute-12-etappe-strecke-zeitplan-tv-uebertragung\",\"url\":\"https:\\\/\\\/www.tipico.de\\\/wett-tipps\\\/sportwetten-news\\\/vuelta-a-espana-heute-12-etappe-strecke-zeitplan-tv-uebertragung\",\"name\":\"Vuelta a Espana heute - 12. Etappe: Strecke, Zeitplan, TV-\u00dcbertragung\",\"isPartOf\":{\"@id\":\"https:\\\/\\\/www.tipico.de\\\/wett-tipps\\\/#website\"},\"primaryImageOfPage\":{\"@id\":\"https:\\\/\\\/www.tipico.de\\\/wett-tipps\\\/sportwetten-news\\\/vuelta-a-espana-heute-12-etappe-strecke-zeitplan-tv-uebertragung#primaryimage\"},\"image\":{\"@id\":\"https:\\\/\\\/www.tipico.de\\\/wett-tipps\\\/sportwetten-news\\\/vuelta-a-espana-heute-12-etappe-strecke-zeitplan-tv-uebertragung#primaryimage\"},\"thumbnailUrl\":\"https:\\\/\\\/www.tipico.de\\\/wett-tipps\\\/wp-content\\\/uploads\\\/2026\\\/07\\\/Tour-de-france-1.jpg\",\"datePublished\":\"2026-09-03T04:13:55+00:00\",\"dateModified\":\"2026-09-03T04:42:26+00:00\",\"description\":\"Vuelta heute: Bergankunft am Calar Alto auf \u00fcber 2.100 Metern - und drei Kilometer vor dem Ziel wartet die entscheidende Rampe.\",\"breadcrumb\":{\"@id\":\"https:\\\/\\\/www.tipico.de\\\/wett-tipps\\\/sportwetten-news\\\/vuelta-a-espana-heute-12-etappe-strecke-zeitplan-tv-uebertragung#breadcrumb\"},\"inLanguage\":\"de\",\"potentialAction\":[{\"@type\":\"ReadAction\",\"target\":[\"https:\\\/\\\/www.tipico.de\\\/wett-tipps\\\/sportwetten-news\\\/vuelta-a-espana-heute-12-etappe-strecke-zeitplan-tv-uebertragung\"]}]},{\"@type\":\"ImageObject\",\"inLanguage\":\"de\",\"@id\":\"https:\\\/\\\/www.tipico.de\\\/wett-tipps\\\/sportwetten-news\\\/vuelta-a-espana-heute-12-etappe-strecke-zeitplan-tv-uebertragung#primaryimage\",\"url\":\"https:\\\/\\\/www.tipico.de\\\/wett-tipps\\\/wp-content\\\/uploads\\\/2026\\\/07\\\/Tour-de-france-1.jpg\",\"contentUrl\":\"https:\\\/\\\/www.tipico.de\\\/wett-tipps\\\/wp-content\\\/uploads\\\/2026\\\/07\\\/Tour-de-france-1.jpg\",\"width\":1200,\"height\":800,\"caption\":\"Tour de France 2024 - Stage 06 DIJON, FRANCE - JULY 04 : illustration picture of the peloton during stage 6 of the 111th edition of the Tour de France 2024 cycling race, a stage of 163,5 kms with start in Macon and finish in Dijon on July 04, 2024 in Dijon, France, 04\\\/07\\\/2024 Dijon France PUBLICATIONxNOTxINxFRAxBEL Copyright: xJanxDexMeuleneirx\"},{\"@type\":\"BreadcrumbList\",\"@id\":\"https:\\\/\\\/www.tipico.de\\\/wett-tipps\\\/sportwetten-news\\\/vuelta-a-espana-heute-12-etappe-strecke-zeitplan-tv-uebertragung#breadcrumb\",\"itemListElement\":[{\"@type\":\"ListItem\",\"position\":1,\"name\":\"Start\",\"item\":\"https:\\\/\\\/www.tipico.de\\\/wett-tipps\\\/\"},{\"@type\":\"ListItem\",\"position\":2,\"name\":\"Sport heute\",\"item\":\"https:\\\/\\\/www.tipico.de\\\/wett-tipps\\\/sportwetten-news\\\/category\\\/sport-heute\"},{\"@type\":\"ListItem\",\"position\":3,\"name\":\"Vuelta a Espana heute &#8211; 12. Etappe: Strecke, Zeitplan, TV-\u00dcbertragung\"}]},{\"@type\":\"WebSite\",\"@id\":\"https:\\\/\\\/www.tipico.de\\\/wett-tipps\\\/#website\",\"url\":\"https:\\\/\\\/www.tipico.de\\\/wett-tipps\\\/\",\"name\":\"Tipico Wett Tipps\",\"description\":\"Wett Tipps heute &amp; aktuelle Sportwetten News\",\"publisher\":{\"@id\":\"https:\\\/\\\/www.tipico.de\\\/wett-tipps\\\/#organization\"},\"potentialAction\":[{\"@type\":\"SearchAction\",\"target\":{\"@type\":\"EntryPoint\",\"urlTemplate\":\"https:\\\/\\\/www.tipico.de\\\/wett-tipps\\\/?s={search_term_string}\"},\"query-input\":{\"@type\":\"PropertyValueSpecification\",\"valueRequired\":true,\"valueName\":\"search_term_string\"}}],\"inLanguage\":\"de\"},{\"@type\":\"Organization\",\"@id\":\"https:\\\/\\\/www.tipico.de\\\/wett-tipps\\\/#organization\",\"name\":\"Tipico\",\"url\":\"https:\\\/\\\/www.tipico.de\\\/wett-tipps\\\/\",\"logo\":{\"@type\":\"ImageObject\",\"inLanguage\":\"de\",\"@id\":\"https:\\\/\\\/www.tipico.de\\\/wett-tipps\\\/#\\\/schema\\\/logo\\\/image\\\/\",\"url\":\"https:\\\/\\\/www.tipico.de\\\/wett-tipps\\\/wp-content\\\/uploads\\\/2021\\\/02\\\/logo.svg\",\"contentUrl\":\"https:\\\/\\\/www.tipico.de\\\/wett-tipps\\\/wp-content\\\/uploads\\\/2021\\\/02\\\/logo.svg\",\"width\":\"1024\",\"height\":\"1024\",\"caption\":\"Tipico\"},\"image\":{\"@id\":\"https:\\\/\\\/www.tipico.de\\\/wett-tipps\\\/#\\\/schema\\\/logo\\\/image\\\/\"},\"sameAs\":[\"https:\\\/\\\/www.facebook.com\\\/tipico\\\/\",\"https:\\\/\\\/x.com\\\/Tipico_de\"]},{\"@type\":\"Person\",\"@id\":\"https:\\\/\\\/www.tipico.de\\\/wett-tipps\\\/#\\\/schema\\\/person\\\/55da74069990e12cea68c4d62025ae67\",\"name\":\"Matthias Schmied\",\"image\":{\"@type\":\"ImageObject\",\"inLanguage\":\"de\",\"@id\":\"https:\\\/\\\/secure.gravatar.com\\\/avatar\\\/c51cb430a4089ff0695b45e0a8193ecfce86c903f44c87bd440bf17bce7d42e6?s=96&d=mm&r=g\",\"url\":\"https:\\\/\\\/secure.gravatar.com\\\/avatar\\\/c51cb430a4089ff0695b45e0a8193ecfce86c903f44c87bd440bf17bce7d42e6?s=96&d=mm&r=g\",\"contentUrl\":\"https:\\\/\\\/secure.gravatar.com\\\/avatar\\\/c51cb430a4089ff0695b45e0a8193ecfce86c903f44c87bd440bf17bce7d42e6?s=96&d=mm&r=g\",\"caption\":\"Matthias Schmied\"},\"description\":\"Matthias schreibt f\u00fcr den Sport-Blog \u00fcber zahlreiche internationale Top-Sportarten. Sein Schwerpunkt liegt auf Fu\u00dfball \u2013 insbesondere auf Borussia Dortmund, der Serie A, La Liga sowie dem DFB-Team. Dar\u00fcber hinaus berichtet er regelm\u00e4\u00dfig \u00fcber Tennis, Handball, Darts, Eishockey, Basketball, Baseball, Radsport und gro\u00dfe Boxk\u00e4mpfe \u2013 unter anderem \u00fcber Wettbewerbe wie die Handball-Bundesliga, die NHL, die BBL und die Tour de France. Bei seinen Analysen legt Matthias besonderen Wert auf Statistiken und Daten. Auf dieser Basis erstellt er fundierte Analysen, Prognosen und Wett-Tipps zu den wichtigsten Spielen und Events.\",\"url\":\"https:\\\/\\\/www.tipico.de\\\/wett-tipps\\\/author\\\/matthias-schmied\"}]}<\/script>\n<!-- \/ Yoast SEO Premium plugin. -->","yoast_head_json":{"title":"Vuelta a Espana heute - 12. Etappe: Strecke, Zeitplan, TV-\u00dcbertragung","description":"Vuelta heute: Bergankunft am Calar Alto auf \u00fcber 2.100 Metern - und drei Kilometer vor dem Ziel wartet die entscheidende Rampe.","robots":{"index":"index","follow":"follow","max-snippet":"max-snippet:-1","max-image-preview":"max-image-preview:large","max-video-preview":"max-video-preview:-1"},"canonical":"https:\/\/www.tipico.de\/wett-tipps\/sportwetten-news\/vuelta-a-espana-heute-12-etappe-strecke-zeitplan-tv-uebertragung","og_locale":"de_DE","og_type":"article","og_title":"Vuelta a Espana heute - 12. Etappe: Strecke, Zeitplan, TV-\u00dcbertragung","og_description":"Vuelta heute: Bergankunft am Calar Alto auf \u00fcber 2.100 Metern - und drei Kilometer vor dem Ziel wartet die entscheidende Rampe.","og_url":"https:\/\/www.tipico.de\/wett-tipps\/sportwetten-news\/vuelta-a-espana-heute-12-etappe-strecke-zeitplan-tv-uebertragung","og_site_name":"Tipico Wett Tipps","article_publisher":"https:\/\/www.facebook.com\/tipico\/","article_published_time":"2026-09-03T04:13:55+00:00","article_modified_time":"2026-09-03T04:42:26+00:00","og_image":[{"width":1200,"height":800,"url":"https:\/\/www.tipico.de\/wett-tipps\/wp-content\/uploads\/2026\/07\/Tour-de-france-1.jpg","type":"image\/jpeg"}],"author":"Matthias Schmied","twitter_card":"summary_large_image","twitter_creator":"@Tipico_de","twitter_site":"@Tipico_de","twitter_misc":{"Verfasst von":"Matthias Schmied","Gesch\u00e4tzte Lesezeit":"5\u00a0Minuten"},"schema":{"@context":"https:\/\/schema.org","@graph":[{"@type":"NewsArticle","@id":"https:\/\/www.tipico.de\/wett-tipps\/sportwetten-news\/vuelta-a-espana-heute-12-etappe-strecke-zeitplan-tv-uebertragung#article","isPartOf":{"@id":"https:\/\/www.tipico.de\/wett-tipps\/sportwetten-news\/vuelta-a-espana-heute-12-etappe-strecke-zeitplan-tv-uebertragung"},"author":{"name":"Matthias Schmied","@id":"https:\/\/www.tipico.de\/wett-tipps\/#\/schema\/person\/55da74069990e12cea68c4d62025ae67"},"headline":"Vuelta a Espana heute &#8211; 12. Etappe: Strecke, Zeitplan, TV-\u00dcbertragung","datePublished":"2026-09-03T04:13:55+00:00","dateModified":"2026-09-03T04:42:26+00:00","mainEntityOfPage":{"@id":"https:\/\/www.tipico.de\/wett-tipps\/sportwetten-news\/vuelta-a-espana-heute-12-etappe-strecke-zeitplan-tv-uebertragung"},"wordCount":700,"publisher":{"@id":"https:\/\/www.tipico.de\/wett-tipps\/#organization"},"image":{"@id":"https:\/\/www.tipico.de\/wett-tipps\/sportwetten-news\/vuelta-a-espana-heute-12-etappe-strecke-zeitplan-tv-uebertragung#primaryimage"},"thumbnailUrl":"https:\/\/www.tipico.de\/wett-tipps\/wp-content\/uploads\/2026\/07\/Tour-de-france-1.jpg","inLanguage":"de","copyrightYear":"2026","copyrightHolder":{"@id":"https:\/\/www.tipico.de\/wett-tipps\/#organization"}},{"@type":"WebPage","@id":"https:\/\/www.tipico.de\/wett-tipps\/sportwetten-news\/vuelta-a-espana-heute-12-etappe-strecke-zeitplan-tv-uebertragung","url":"https:\/\/www.tipico.de\/wett-tipps\/sportwetten-news\/vuelta-a-espana-heute-12-etappe-strecke-zeitplan-tv-uebertragung","name":"Vuelta a Espana heute - 12. Etappe: Strecke, Zeitplan, TV-\u00dcbertragung","isPartOf":{"@id":"https:\/\/www.tipico.de\/wett-tipps\/#website"},"primaryImageOfPage":{"@id":"https:\/\/www.tipico.de\/wett-tipps\/sportwetten-news\/vuelta-a-espana-heute-12-etappe-strecke-zeitplan-tv-uebertragung#primaryimage"},"image":{"@id":"https:\/\/www.tipico.de\/wett-tipps\/sportwetten-news\/vuelta-a-espana-heute-12-etappe-strecke-zeitplan-tv-uebertragung#primaryimage"},"thumbnailUrl":"https:\/\/www.tipico.de\/wett-tipps\/wp-content\/uploads\/2026\/07\/Tour-de-france-1.jpg","datePublished":"2026-09-03T04:13:55+00:00","dateModified":"2026-09-03T04:42:26+00:00","description":"Vuelta heute: Bergankunft am Calar Alto auf \u00fcber 2.100 Metern - und drei Kilometer vor dem Ziel wartet die entscheidende Rampe.","breadcrumb":{"@id":"https:\/\/www.tipico.de\/wett-tipps\/sportwetten-news\/vuelta-a-espana-heute-12-etappe-strecke-zeitplan-tv-uebertragung#breadcrumb"},"inLanguage":"de","potentialAction":[{"@type":"ReadAction","target":["https:\/\/www.tipico.de\/wett-tipps\/sportwetten-news\/vuelta-a-espana-heute-12-etappe-strecke-zeitplan-tv-uebertragung"]}]},{"@type":"ImageObject","inLanguage":"de","@id":"https:\/\/www.tipico.de\/wett-tipps\/sportwetten-news\/vuelta-a-espana-heute-12-etappe-strecke-zeitplan-tv-uebertragung#primaryimage","url":"https:\/\/www.tipico.de\/wett-tipps\/wp-content\/uploads\/2026\/07\/Tour-de-france-1.jpg","contentUrl":"https:\/\/www.tipico.de\/wett-tipps\/wp-content\/uploads\/2026\/07\/Tour-de-france-1.jpg","width":1200,"height":800,"caption":"Tour de France 2024 - Stage 06 DIJON, FRANCE - JULY 04 : illustration picture of the peloton during stage 6 of the 111th edition of the Tour de France 2024 cycling race, a stage of 163,5 kms with start in Macon and finish in Dijon on July 04, 2024 in Dijon, France, 04\/07\/2024 Dijon France PUBLICATIONxNOTxINxFRAxBEL Copyright: xJanxDexMeuleneirx"},{"@type":"BreadcrumbList","@id":"https:\/\/www.tipico.de\/wett-tipps\/sportwetten-news\/vuelta-a-espana-heute-12-etappe-strecke-zeitplan-tv-uebertragung#breadcrumb","itemListElement":[{"@type":"ListItem","position":1,"name":"Start","item":"https:\/\/www.tipico.de\/wett-tipps\/"},{"@type":"ListItem","position":2,"name":"Sport heute","item":"https:\/\/www.tipico.de\/wett-tipps\/sportwetten-news\/category\/sport-heute"},{"@type":"ListItem","position":3,"name":"Vuelta a Espana heute &#8211; 12. Etappe: Strecke, Zeitplan, TV-\u00dcbertragung"}]},{"@type":"WebSite","@id":"https:\/\/www.tipico.de\/wett-tipps\/#website","url":"https:\/\/www.tipico.de\/wett-tipps\/","name":"Tipico Wett Tipps","description":"Wett Tipps heute &amp; aktuelle Sportwetten News","publisher":{"@id":"https:\/\/www.tipico.de\/wett-tipps\/#organization"},"potentialAction":[{"@type":"SearchAction","target":{"@type":"EntryPoint","urlTemplate":"https:\/\/www.tipico.de\/wett-tipps\/?s={search_term_string}"},"query-input":{"@type":"PropertyValueSpecification","valueRequired":true,"valueName":"search_term_string"}}],"inLanguage":"de"},{"@type":"Organization","@id":"https:\/\/www.tipico.de\/wett-tipps\/#organization","name":"Tipico","url":"https:\/\/www.tipico.de\/wett-tipps\/","logo":{"@type":"ImageObject","inLanguage":"de","@id":"https:\/\/www.tipico.de\/wett-tipps\/#\/schema\/logo\/image\/","url":"https:\/\/www.tipico.de\/wett-tipps\/wp-content\/uploads\/2021\/02\/logo.svg","contentUrl":"https:\/\/www.tipico.de\/wett-tipps\/wp-content\/uploads\/2021\/02\/logo.svg","width":"1024","height":"1024","caption":"Tipico"},"image":{"@id":"https:\/\/www.tipico.de\/wett-tipps\/#\/schema\/logo\/image\/"},"sameAs":["https:\/\/www.facebook.com\/tipico\/","https:\/\/x.com\/Tipico_de"]},{"@type":"Person","@id":"https:\/\/www.tipico.de\/wett-tipps\/#\/schema\/person\/55da74069990e12cea68c4d62025ae67","name":"Matthias Schmied","image":{"@type":"ImageObject","inLanguage":"de","@id":"https:\/\/secure.gravatar.com\/avatar\/c51cb430a4089ff0695b45e0a8193ecfce86c903f44c87bd440bf17bce7d42e6?s=96&d=mm&r=g","url":"https:\/\/secure.gravatar.com\/avatar\/c51cb430a4089ff0695b45e0a8193ecfce86c903f44c87bd440bf17bce7d42e6?s=96&d=mm&r=g","contentUrl":"https:\/\/secure.gravatar.com\/avatar\/c51cb430a4089ff0695b45e0a8193ecfce86c903f44c87bd440bf17bce7d42e6?s=96&d=mm&r=g","caption":"Matthias Schmied"},"description":"Matthias schreibt f\u00fcr den Sport-Blog \u00fcber zahlreiche internationale Top-Sportarten. Sein Schwerpunkt liegt auf Fu\u00dfball \u2013 insbesondere auf Borussia Dortmund, der Serie A, La Liga sowie dem DFB-Team. Dar\u00fcber hinaus berichtet er regelm\u00e4\u00dfig \u00fcber Tennis, Handball, Darts, Eishockey, Basketball, Baseball, Radsport und gro\u00dfe Boxk\u00e4mpfe \u2013 unter anderem \u00fcber Wettbewerbe wie die Handball-Bundesliga, die NHL, die BBL und die Tour de France. Bei seinen Analysen legt Matthias besonderen Wert auf Statistiken und Daten. Auf dieser Basis erstellt er fundierte Analysen, Prognosen und Wett-Tipps zu den wichtigsten Spielen und Events.","url":"https:\/\/www.tipico.de\/wett-tipps\/author\/matthias-schmied"}]}},"_links":{"self":[{"href":"https:\/\/www.tipico.de\/wett-tipps\/wp-json\/wp\/v2\/posts\/498070","targetHints":{"allow":["GET"]}}],"collection":[{"href":"https:\/\/www.tipico.de\/wett-tipps\/wp-json\/wp\/v2\/posts"}],"about":[{"href":"https:\/\/www.tipico.de\/wett-tipps\/wp-json\/wp\/v2\/types\/post"}],"author":[{"embeddable":true,"href":"https:\/\/www.tipico.de\/wett-tipps\/wp-json\/wp\/v2\/users\/110"}],"replies":[{"embeddable":true,"href":"https:\/\/www.tipico.de\/wett-tipps\/wp-json\/wp\/v2\/comments?post=498070"}],"version-history":[{"count":1,"href":"https:\/\/www.tipico.de\/wett-tipps\/wp-json\/wp\/v2\/posts\/498070\/revisions"}],"predecessor-version":[{"id":498082,"href":"https:\/\/www.tipico.de\/wett-tipps\/wp-json\/wp\/v2\/posts\/498070\/revisions\/498082"}],"wp:featuredmedia":[{"embeddable":true,"href":"https:\/\/www.tipico.de\/wett-tipps\/wp-json\/wp\/v2\/media\/476305"}],"wp:attachment":[{"href":"https:\/\/www.tipico.de\/wett-tipps\/wp-json\/wp\/v2\/media?parent=498070"}],"wp:term":[{"taxonomy":"post_tag","embeddable":true,"href":"https:\/\/www.tipico.de\/wett-tipps\/wp-json\/wp\/v2\/tags?post=498070"},{"taxonomy":"news-category","embeddable":true,"href":"https:\/\/www.tipico.de\/wett-tipps\/wp-json\/wp\/v2\/news-category?post=498070"},{"taxonomy":"sport-news","embeddable":true,"href":"https:\/\/www.tipico.de\/wett-tipps\/wp-json\/wp\/v2\/sport-news?post=498070"}],"curies":[{"name":"wp","href":"https:\/\/api.w.org\/{rel}","templated":true}]}}