{"id":497671,"date":"2026-09-01T14:35:16","date_gmt":"2026-09-01T12:35:16","guid":{"rendered":"https:\/\/www.tipico.de\/wett-tipps\/sportwetten-news\/?p=497671"},"modified":"2026-09-01T14:41:25","modified_gmt":"2026-09-01T12:41:25","slug":"jetzt-holt-werder-bremen-auch-noch-einen-ex-schalker-am-deadline-day","status":"publish","type":"post","link":"https:\/\/www.tipico.de\/wett-tipps\/sportwetten-news\/jetzt-holt-werder-bremen-auch-noch-einen-ex-schalker-am-deadline-day","title":{"rendered":"Jetzt holt Werder Bremen auch noch einen Ex-Schalker am Deadline Day!"},"content":{"rendered":"<p><a href=\"https:\/\/www.tipico.de\/wett-tipps\/team\/werder-bremen\">Werder Bremen<\/a> wird kurz vor dem Ende der Wechselfrist noch einmal aktiv: Moussa Ndiaye steht vor einem Wechsel an die Weser. Der Linksverteidiger kommt leihweise vom RSC Anderlecht, wie der <em>kicker<\/em> berichtet.<\/p>\n<h2>Werder Bremen: Ndiaye kommt leihweise vom RSC Anderlecht<\/h2>\n<p>Ausstehend ist einzig die medizinische Untersuchung, ehe der Transfer an den Osterdeich final \u00fcber die B\u00fchne geht. Zus\u00e4tzlich sichern sich die Gr\u00fcn-Wei\u00dfen laut des Berichts das Recht auf eine feste \u00dcbernahme des Verteidigers.<\/p>\n<p>In Deutschland hat sich der 24-J\u00e4hrige bereits einen Namen gemacht. W\u00e4hrend seiner Leihe beim <a href=\"https:\/\/www.tipico.de\/wett-tipps\/team\/fc-schalke-04\">FC Schalke 04<\/a> stand er in der zur\u00fcckliegenden R\u00fcckrunde in 14 Partien auf dem Platz und trug ma\u00dfgeblich zum Bundesliga-Aufstieg bei.<\/p>\n<h2>Ndiaye soll Deman fordern &#8211; Konkurrenzkampf links bei Werder<\/h2>\n<p>An der Weser ist dem Senegalesen die Rolle des Herausforderers zugedacht. Auf der linken Abwehrseite soll er Olivier Deman fordern und den internen Konkurrenzkampf beleben, wie der <em>kicker<\/em> schreibt.<\/p>\n<p>Interessant ist zudem, dass die Gr\u00fcn-Wei\u00dfen auch dann an Ndiaye dranblieben, als Arthur bereits an Bord war. Der von Bayer Leverkusen ausgeliehene Profi ist vorrangig auf der rechten Seite zu Hause, kann demnach aber auch links verteidigen.<\/p>\n<h2>SVW-Transfers: Regeer kommt, Mbangula steht vor dem Absprung<\/h2>\n<p>Auf dem Transfermarkt herrscht an der Weser ohnehin Hochbetrieb. Am Montag machte der Klub die ebenfalls leihweise Verpflichtung von Youri Regeer publik, der von Ajax Amsterdam nach Bremen kommt und das Personalkarussell weiter antreibt.<\/p>\n<p>Zeitgleich bahnt sich auf der Abgangsseite nach einer \u00fcberraschenden Kehrtwende der Abschied von Samuel Mbangula an. Den Profi zieht es demnach in Richtung Bologna, womit sich der Kader kurz vor Toresschluss noch einmal ver\u00e4ndert.<\/p>\n<h2>Bundesliga: Nach der 0:4-Klatsche wartet nun RB Leipzig<\/h2>\n<p>Sportlich besteht bei den Bremern ohnehin Handlungsbedarf. Am 1. Bundesliga-Spieltag verlor die Mannschaft beim SC Freiburg deutlich mit 1:4 und erwischte damit einen missratenen Start in die neue Spielzeit.<\/p>\n<p>Erschwerend kommt hinzu, dass mit Jens Stage einer der wichtigsten Spieler monatelang ausf\u00e4llt. Am kommenden Wochenende wartet mit RB Leipzig zudem die n\u00e4chste schwere Aufgabe, f\u00fcr die Werder personell dringend Antworten ben\u00f6tigt.<\/p>\n<p><a title=\"Folge uns auf Google\" href=\"https:\/\/www.google.com\/preferences\/source?q=tipico.de\" target=\"_blank\" rel=\"noopener\"><picture><img loading=\"lazy\" decoding=\"async\" src=\"https:\/\/www.tipico.de\/wett-tipps\/wp-content\/uploads\/2026\/05\/google_preferred_source_badge_dark_DE@2x.png\" alt=\"Folge uns auf Google\" width=\"338\" height=\"107\" \/> <\/picture><\/a><\/p>\n<p><em>Hinsichtlich der <a href=\"https:\/\/www.tipico.de\/wett-tipps\/sportwetten-tipps\">Sportwetten Tipps<\/a> findest du <a href=\"https:\/\/www.tipico.de\/wett-tipps\/bundesliga-tipps\">Bundesliga Tipps<\/a> und passende <a href=\"https:\/\/sports.tipico.de\/v1\/tpapi\/ctfes\/redirect?campaignId=a4krlorh&amp;target=https:\/\/sports.tipico.de\/de\/alle\/fussball\/deutschland\/bundesliga\">Bundesliga Wetten<\/a> bei Tipico. \u00dcbrigens: Hast du schon von <a href=\"https:\/\/www.tipico.de\/wett-tipps\/tipico-million\">Tipico Million<\/a> geh\u00f6rt? Weitere Werder Bremen News gibt es bei unseren <a href=\"https:\/\/www.tipico.de\/wett-tipps\/sport-news\">Sport News<\/a>, unseren Content mit <a href=\"https:\/\/sports.tipico.de\/v1\/tpapi\/ctfes\/redirect?campaignId=a4krlorh&amp;target=https:\/\/sports.tipico.de\/de\">Sportwetten<\/a>-Bezug liefern wir dir bei den <a href=\"https:\/\/www.tipico.de\/wett-tipps\/sportwetten-news\">Sportwetten News<\/a>.<\/em><\/p>\n<h3>Bundesliga: Tipps &amp; Quoten<\/h3>\n\n\t        <div class=\"b-table--tips\">\n            <div class=\"table-body\">\n\t\t\t\t\t\t\t\t\t                    <div class=\"table-cell\">\n                        <div class=\"table-cell__info\">\n                            <h4 class=\"table-cell__title\">VfB Stuttgart - 1. FC K\u00f6ln<\/h4>\n                            <small class=\"table-cell__date\">04.09.2026, 20:30 Uhr - MHPArena<\/small>\n                        <\/div>\n\n                        <a href=\"https:\/\/sports.tipico.de\/v1\/tpapi\/ctfes\/redirect?campaignId=bpe3vq7f&#038;target=https:\/\/sports.tipico.de\/de\/alle\/fussball\/deutschland\/bundesliga\" target=\"_blank\" class=\"table-cell__tip btn btn-odds\">\n                            <div class=\"tip-caption\">\n\t\t\t\t\t\t\t\t\u00dcber 3,5                            <\/div>\n                            <div class=\"tip-value\">\n\t\t\t\t\t\t\t\t1,85                                <script type=\"application\/ld+json\">\n                                    {\n                                        \"@context\": \"https:\/\/schema.org\",\n                                        \"@type\": \"SportsEvent\",\n                                        \"name\": \"VfB Stuttgart - 1. FC K\u00f6ln\",\n                                        \"location\": {\n                                        \"@type\": \"Place\",\n                                        \"name\": \"MHPArena\",\n                                        \"address\": \"MHPArena\"\n                                        },\n                                        \"startDate\": \"2026-09-04T20:30:00+00:00\"\n                                    }\n\n\n                                <\/script>\n                            <\/div>\n                        <\/a>\n\n                    <\/div>\n\t\t\t\t\t\t\t\t\t                    <div class=\"table-cell\">\n                        <div class=\"table-cell__info\">\n                            <h4 class=\"table-cell__title\">Bayer Leverkusen - Union Berlin<\/h4>\n                            <small class=\"table-cell__date\">05.09.2026, 15:30 Uhr - BayArena<\/small>\n                        <\/div>\n\n                        <a href=\"https:\/\/sports.tipico.de\/v1\/tpapi\/ctfes\/redirect?campaignId=bpe3vq7f&#038;target=https:\/\/sports.tipico.de\/de\/alle\/fussball\/deutschland\/bundesliga\" target=\"_blank\" class=\"table-cell__tip btn btn-odds\">\n                            <div class=\"tip-caption\">\n\t\t\t\t\t\t\t\tTipp 1 (HC 0:1)                            <\/div>\n                            <div class=\"tip-value\">\n\t\t\t\t\t\t\t\t1,97                                <script type=\"application\/ld+json\">\n                                    {\n                                        \"@context\": \"https:\/\/schema.org\",\n                                        \"@type\": \"SportsEvent\",\n                                        \"name\": \"Bayer Leverkusen - Union Berlin\",\n                                        \"location\": {\n                                        \"@type\": \"Place\",\n                                        \"name\": \"BayArena\",\n                                        \"address\": \"BayArena\"\n                                        },\n                                        \"startDate\": \"2026-09-05T15:30:00+00:00\"\n                                    }\n\n\n                                <\/script>\n                            <\/div>\n                        <\/a>\n\n                    <\/div>\n\t\t\t\t\t\t\t\t\t                    <div class=\"table-cell\">\n                        <div class=\"table-cell__info\">\n                            <h4 class=\"table-cell__title\">Borussia M\u00f6nchengladbach - SV Elversberg<\/h4>\n                            <small class=\"table-cell__date\">05.09.2026, 15:30 Uhr - Stadion im Borussia-Park<\/small>\n                        <\/div>\n\n                        <a href=\"https:\/\/sports.tipico.de\/v1\/tpapi\/ctfes\/redirect?campaignId=bpe3vq7f&#038;target=https:\/\/sports.tipico.de\/de\/alle\/fussball\/deutschland\/bundesliga\" target=\"_blank\" class=\"table-cell__tip btn btn-odds\">\n                            <div class=\"tip-caption\">\n\t\t\t\t\t\t\t\tTipp 1                            <\/div>\n                            <div class=\"tip-value\">\n\t\t\t\t\t\t\t\t1,70                                <script type=\"application\/ld+json\">\n                                    {\n                                        \"@context\": \"https:\/\/schema.org\",\n                                        \"@type\": \"SportsEvent\",\n                                        \"name\": \"Borussia M\u00f6nchengladbach - SV Elversberg\",\n                                        \"location\": {\n                                        \"@type\": \"Place\",\n                                        \"name\": \"Stadion im Borussia-Park\",\n                                        \"address\": \"Stadion im Borussia-Park\"\n                                        },\n                                        \"startDate\": \"2026-09-05T15:30:00+00:00\"\n                                    }\n\n\n                                <\/script>\n                            <\/div>\n                        <\/a>\n\n                    <\/div>\n\t\t\t\t\t\t\t\t\t                    <div class=\"table-cell\">\n                        <div class=\"table-cell__info\">\n                            <h4 class=\"table-cell__title\">SC Paderborn - SC Freiburg<\/h4>\n                            <small class=\"table-cell__date\">05.09.2026, 15:30 Uhr - Home Deluxe Arena<\/small>\n                        <\/div>\n\n                        <a href=\"https:\/\/sports.tipico.de\/v1\/tpapi\/ctfes\/redirect?campaignId=bpe3vq7f&#038;target=https:\/\/sports.tipico.de\/de\/alle\/fussball\/deutschland\/bundesliga\" target=\"_blank\" class=\"table-cell__tip btn btn-odds\">\n                            <div class=\"tip-caption\">\n\t\t\t\t\t\t\t\tTipp X                            <\/div>\n                            <div class=\"tip-value\">\n\t\t\t\t\t\t\t\t3,50                                <script type=\"application\/ld+json\">\n                                    {\n                                        \"@context\": \"https:\/\/schema.org\",\n                                        \"@type\": \"SportsEvent\",\n                                        \"name\": \"SC Paderborn - SC Freiburg\",\n                                        \"location\": {\n                                        \"@type\": \"Place\",\n                                        \"name\": \"Home Deluxe Arena\",\n                                        \"address\": \"Home Deluxe Arena\"\n                                        },\n                                        \"startDate\": \"2026-09-05T15:30:00+00:00\"\n                                    }\n\n\n                                <\/script>\n                            <\/div>\n                        <\/a>\n\n                    <\/div>\n\t\t\t\t\t\t\t\t\t                    <div class=\"table-cell\">\n                        <div class=\"table-cell__info\">\n                            <h4 class=\"table-cell__title\">TSG Hoffenheim - Borussia Dortmund<\/h4>\n                            <small class=\"table-cell__date\">05.09.2026, 15:30 Uhr - PreZero Arena<\/small>\n                        <\/div>\n\n                        <a href=\"https:\/\/sports.tipico.de\/v1\/tpapi\/ctfes\/redirect?campaignId=bpe3vq7f&#038;target=https:\/\/sports.tipico.de\/de\/alle\/fussball\/deutschland\/bundesliga\" target=\"_blank\" class=\"table-cell__tip btn btn-odds\">\n                            <div class=\"tip-caption\">\n\t\t\t\t\t\t\t\tTipp 2                            <\/div>\n                            <div class=\"tip-value\">\n\t\t\t\t\t\t\t\t2,20                                <script type=\"application\/ld+json\">\n                                    {\n                                        \"@context\": \"https:\/\/schema.org\",\n                                        \"@type\": \"SportsEvent\",\n                                        \"name\": \"TSG Hoffenheim - Borussia Dortmund\",\n                                        \"location\": {\n                                        \"@type\": \"Place\",\n                                        \"name\": \"PreZero Arena\",\n                                        \"address\": \"PreZero Arena\"\n                                        },\n                                        \"startDate\": \"2026-09-05T15:30:00+00:00\"\n                                    }\n\n\n                                <\/script>\n                            <\/div>\n                        <\/a>\n\n                    <\/div>\n\t\t\t\t\t\t\t\t\t                    <div class=\"table-cell\">\n                        <div class=\"table-cell__info\">\n                            <h4 class=\"table-cell__title\">Werder Bremen - RB Leipzig<\/h4>\n                            <small class=\"table-cell__date\">05.09.2026, 15:30 Uhr - Wohninvest Weserstadion<\/small>\n                        <\/div>\n\n                        <a href=\"https:\/\/sports.tipico.de\/v1\/tpapi\/ctfes\/redirect?campaignId=bpe3vq7f&#038;target=https:\/\/sports.tipico.de\/de\/alle\/fussball\/deutschland\/bundesliga\" target=\"_blank\" class=\"table-cell__tip btn btn-odds\">\n                            <div class=\"tip-caption\">\n\t\t\t\t\t\t\t\tTipp 2                            <\/div>\n                            <div class=\"tip-value\">\n\t\t\t\t\t\t\t\t1,87                                <script type=\"application\/ld+json\">\n                                    {\n                                        \"@context\": \"https:\/\/schema.org\",\n                                        \"@type\": \"SportsEvent\",\n                                        \"name\": \"Werder Bremen - RB Leipzig\",\n                                        \"location\": {\n                                        \"@type\": \"Place\",\n                                        \"name\": \"Wohninvest Weserstadion\",\n                                        \"address\": \"Wohninvest Weserstadion\"\n                                        },\n                                        \"startDate\": \"2026-09-05T15:30:00+00:00\"\n                                    }\n\n\n                                <\/script>\n                            <\/div>\n                        <\/a>\n\n                    <\/div>\n\t\t\t\t\t\t\t\t\t                    <div class=\"table-cell\">\n                        <div class=\"table-cell__info\">\n                            <h4 class=\"table-cell__title\">FC Schalke 04 - FC Bayern<\/h4>\n                            <small class=\"table-cell__date\">05.09.2026, 18:30 Uhr - Veltins-Arena<\/small>\n                        <\/div>\n\n                        <a href=\"https:\/\/sports.tipico.de\/v1\/tpapi\/ctfes\/redirect?campaignId=bpe3vq7f&#038;target=https:\/\/sports.tipico.de\/de\/alle\/fussball\/deutschland\/bundesliga\" target=\"_blank\" class=\"table-cell__tip btn btn-odds\">\n                            <div class=\"tip-caption\">\n\t\t\t\t\t\t\t\tBeide treffen                            <\/div>\n                            <div class=\"tip-value\">\n\t\t\t\t\t\t\t\t1,75                                <script type=\"application\/ld+json\">\n                                    {\n                                        \"@context\": \"https:\/\/schema.org\",\n                                        \"@type\": \"SportsEvent\",\n                                        \"name\": \"FC Schalke 04 - FC Bayern\",\n                                        \"location\": {\n                                        \"@type\": \"Place\",\n                                        \"name\": \"Veltins-Arena\",\n                                        \"address\": \"Veltins-Arena\"\n                                        },\n                                        \"startDate\": \"2026-09-05T18:30:00+00:00\"\n                                    }\n\n\n                                <\/script>\n                            <\/div>\n                        <\/a>\n\n                    <\/div>\n\t\t\t\t\t\t\t\t\t                    <div class=\"table-cell\">\n                        <div class=\"table-cell__info\">\n                            <h4 class=\"table-cell__title\">Hamburger SV - 1. FSV Mainz 05<\/h4>\n                            <small class=\"table-cell__date\">06.09.2026, 15:30 Uhr - Volksparkstadion<\/small>\n                        <\/div>\n\n                        <a href=\"https:\/\/sports.tipico.de\/v1\/tpapi\/ctfes\/redirect?campaignId=bpe3vq7f&#038;target=https:\/\/sports.tipico.de\/de\/alle\/fussball\/deutschland\/bundesliga\" target=\"_blank\" class=\"table-cell__tip btn btn-odds\">\n                            <div class=\"tip-caption\">\n\t\t\t\t\t\t\t\tUnter 2,5                            <\/div>\n                            <div class=\"tip-value\">\n\t\t\t\t\t\t\t\t2,25                                <script type=\"application\/ld+json\">\n                                    {\n                                        \"@context\": \"https:\/\/schema.org\",\n                                        \"@type\": \"SportsEvent\",\n                                        \"name\": \"Hamburger SV - 1. FSV Mainz 05\",\n                                        \"location\": {\n                                        \"@type\": \"Place\",\n                                        \"name\": \"Volksparkstadion\",\n                                        \"address\": \"Volksparkstadion\"\n                                        },\n                                        \"startDate\": \"2026-09-06T15:30:00+00:00\"\n                                    }\n\n\n                                <\/script>\n                            <\/div>\n                        <\/a>\n\n                    <\/div>\n\t\t\t\t\t\t\t\t\t                    <div class=\"table-cell\">\n                        <div class=\"table-cell__info\">\n                            <h4 class=\"table-cell__title\">Eintracht Frankfurt - FC Augsburg<\/h4>\n                            <small class=\"table-cell__date\">06.09.2026, 17:30 Uhr - Deutsche Bank Park<\/small>\n                        <\/div>\n\n                        <a href=\"https:\/\/sports.tipico.de\/v1\/tpapi\/ctfes\/redirect?campaignId=bpe3vq7f&#038;target=https:\/\/sports.tipico.de\/de\/alle\/fussball\/deutschland\/bundesliga\" target=\"_blank\" class=\"table-cell__tip btn btn-odds\">\n                            <div class=\"tip-caption\">\n\t\t\t\t\t\t\t\tTipp 1                            <\/div>\n                            <div class=\"tip-value\">\n\t\t\t\t\t\t\t\t1,90                                <script type=\"application\/ld+json\">\n                                    {\n                                        \"@context\": \"https:\/\/schema.org\",\n                                        \"@type\": \"SportsEvent\",\n                                        \"name\": \"Eintracht Frankfurt - FC Augsburg\",\n                                        \"location\": {\n                                        \"@type\": \"Place\",\n                                        \"name\": \"Deutsche Bank Park\",\n                                        \"address\": \"Deutsche Bank Park\"\n                                        },\n                                        \"startDate\": \"2026-09-06T17:30:00+00:00\"\n                                    }\n\n\n                                <\/script>\n                            <\/div>\n                        <\/a>\n\n                    <\/div>\n\t\t\t\t            <\/div>\n        <\/div>\n\t\t<small class=\"b-age-notice\">Quoten\u00e4nderungen vorbehalten<\/small>\t\n\n","protected":false},"excerpt":{"rendered":"<p>Werder Bremen wird kurz vor dem Ende der Wechselfrist noch einmal aktiv: Moussa Ndiaye steht vor einem Wechsel an die Weser. Der Linksverteidiger kommt leihweise vom RSC Anderlecht, wie der kicker berichtet. Werder Bremen: Ndiaye kommt leihweise vom RSC Anderlecht Ausstehend ist einzig die medizinische Untersuchung, ehe der Transfer an den Osterdeich final \u00fcber die [&hellip;]<\/p>\n","protected":false},"author":59,"featured_media":419248,"comment_status":"closed","ping_status":"closed","sticky":false,"template":"","format":"standard","meta":{"_acf_changed":false,"dw_urn":"","dw_version":0,"dw_version_created":"","dw_updated":"","footnotes":""},"tags":[10509,5013,10705],"news-category":[2511,2516],"sport-news":[],"class_list":["post-497671","post","type-post","status-publish","format-standard","has-post-thumbnail","hentry","tag-bremen","tag-fc-schalke-04","tag-sv-werder-bremen","news-category-bundesliga","news-category-fussball-heute"],"acf":{"live_content":"","product":{"name":"","description":"","image":"","offers":{"price":"","pricecurrency":"EUR"}},"howto":{"name":"","description":"","image":"","totaltime":"","tool":{"name":"","image":""},"steps":null},"sportsevent":{"name":"","description":"","hometeam":"","awayteam":"","sport":"","competitor":"","startdate":"","location_name":"","streetaddress":"","addresslocality":"","addressregion":"","postalcode":"","addresscountry":"","eventschedule":{"startdate":null,"enddate":null,"starttime":"","endtime":"","scheduletimezone":"Europe\/London"}},"faq_title":"FAQ","faq_items":null},"yoast_head":"<!-- This site is optimized with the Yoast SEO Premium plugin v28.0 (Yoast SEO v28.2) - https:\/\/yoast.com\/product\/yoast-seo-premium-wordpress\/ -->\n<title>Jetzt holt Werder Bremen auch noch einen Ex-Schalker am Deadline Day!<\/title>\n<meta name=\"description\" content=\"Nach der 1:4-Klatsche in Freiburg wird Werder Bremen kurz vor Transferschluss noch einmal aktiv: Ein Ex-Schalker kommt an die Weser.\" \/>\n<meta name=\"robots\" content=\"index, follow, max-snippet:-1, max-image-preview:large, max-video-preview:-1\" \/>\n<link rel=\"canonical\" href=\"https:\/\/www.tipico.de\/wett-tipps\/sportwetten-news\/jetzt-holt-werder-bremen-auch-noch-einen-ex-schalker-am-deadline-day\" \/>\n<meta property=\"og:locale\" content=\"de_DE\" \/>\n<meta property=\"og:type\" content=\"article\" \/>\n<meta property=\"og:title\" content=\"Jetzt holt Werder Bremen auch noch einen Ex-Schalker am Deadline Day!\" \/>\n<meta property=\"og:description\" content=\"Nach der 1:4-Klatsche in Freiburg wird Werder Bremen kurz vor Transferschluss noch einmal aktiv: Ein Ex-Schalker kommt an die Weser.\" \/>\n<meta property=\"og:url\" content=\"https:\/\/www.tipico.de\/wett-tipps\/sportwetten-news\/jetzt-holt-werder-bremen-auch-noch-einen-ex-schalker-am-deadline-day\" \/>\n<meta property=\"og:site_name\" content=\"Tipico Wett Tipps\" \/>\n<meta property=\"article:publisher\" content=\"https:\/\/www.facebook.com\/tipico\/\" \/>\n<meta property=\"article:published_time\" content=\"2026-09-01T12:35:16+00:00\" \/>\n<meta property=\"article:modified_time\" content=\"2026-09-01T12:41:25+00:00\" \/>\n<meta property=\"og:image\" content=\"https:\/\/www.tipico.de\/wett-tipps\/wp-content\/uploads\/2026\/02\/Werder-Bremen-fans-news-recMgXWlTBhLMJC48-2.webp\" \/>\n\t<meta property=\"og:image:width\" content=\"1408\" \/>\n\t<meta property=\"og:image:height\" content=\"768\" \/>\n\t<meta property=\"og:image:type\" content=\"image\/webp\" \/>\n<meta name=\"author\" content=\"Christian Becker\" \/>\n<meta name=\"twitter:card\" content=\"summary_large_image\" \/>\n<meta name=\"twitter:creator\" content=\"@Tipico_de\" \/>\n<meta name=\"twitter:site\" content=\"@Tipico_de\" \/>\n<meta name=\"twitter:label1\" content=\"Verfasst von\" \/>\n\t<meta name=\"twitter:data1\" content=\"Christian Becker\" \/>\n\t<meta name=\"twitter:label2\" content=\"Gesch\u00e4tzte Lesezeit\" \/>\n\t<meta name=\"twitter:data2\" content=\"3\u00a0Minuten\" \/>\n<script type=\"application\/ld+json\" class=\"yoast-schema-graph\">{\"@context\":\"https:\\\/\\\/schema.org\",\"@graph\":[{\"@type\":\"NewsArticle\",\"@id\":\"https:\\\/\\\/www.tipico.de\\\/wett-tipps\\\/sportwetten-news\\\/jetzt-holt-werder-bremen-auch-noch-einen-ex-schalker-am-deadline-day#article\",\"isPartOf\":{\"@id\":\"https:\\\/\\\/www.tipico.de\\\/wett-tipps\\\/sportwetten-news\\\/jetzt-holt-werder-bremen-auch-noch-einen-ex-schalker-am-deadline-day\"},\"author\":{\"name\":\"Christian Becker\",\"@id\":\"https:\\\/\\\/www.tipico.de\\\/wett-tipps\\\/#\\\/schema\\\/person\\\/ea57823e6961293ba011e93ac8befdd8\"},\"headline\":\"Jetzt holt Werder Bremen auch noch einen Ex-Schalker am Deadline Day!\",\"datePublished\":\"2026-09-01T12:35:16+00:00\",\"dateModified\":\"2026-09-01T12:41:25+00:00\",\"mainEntityOfPage\":{\"@id\":\"https:\\\/\\\/www.tipico.de\\\/wett-tipps\\\/sportwetten-news\\\/jetzt-holt-werder-bremen-auch-noch-einen-ex-schalker-am-deadline-day\"},\"wordCount\":401,\"publisher\":{\"@id\":\"https:\\\/\\\/www.tipico.de\\\/wett-tipps\\\/#organization\"},\"image\":{\"@id\":\"https:\\\/\\\/www.tipico.de\\\/wett-tipps\\\/sportwetten-news\\\/jetzt-holt-werder-bremen-auch-noch-einen-ex-schalker-am-deadline-day#primaryimage\"},\"thumbnailUrl\":\"https:\\\/\\\/www.tipico.de\\\/wett-tipps\\\/wp-content\\\/uploads\\\/2026\\\/02\\\/Werder-Bremen-fans-news-recMgXWlTBhLMJC48-2.webp\",\"keywords\":[\"Bremen\",\"FC Schalke 04\",\"SV Werder Bremen\"],\"inLanguage\":\"de\",\"copyrightYear\":\"2026\",\"copyrightHolder\":{\"@id\":\"https:\\\/\\\/www.tipico.de\\\/wett-tipps\\\/#organization\"}},{\"@type\":\"WebPage\",\"@id\":\"https:\\\/\\\/www.tipico.de\\\/wett-tipps\\\/sportwetten-news\\\/jetzt-holt-werder-bremen-auch-noch-einen-ex-schalker-am-deadline-day\",\"url\":\"https:\\\/\\\/www.tipico.de\\\/wett-tipps\\\/sportwetten-news\\\/jetzt-holt-werder-bremen-auch-noch-einen-ex-schalker-am-deadline-day\",\"name\":\"Jetzt holt Werder Bremen auch noch einen Ex-Schalker am Deadline Day!\",\"isPartOf\":{\"@id\":\"https:\\\/\\\/www.tipico.de\\\/wett-tipps\\\/#website\"},\"primaryImageOfPage\":{\"@id\":\"https:\\\/\\\/www.tipico.de\\\/wett-tipps\\\/sportwetten-news\\\/jetzt-holt-werder-bremen-auch-noch-einen-ex-schalker-am-deadline-day#primaryimage\"},\"image\":{\"@id\":\"https:\\\/\\\/www.tipico.de\\\/wett-tipps\\\/sportwetten-news\\\/jetzt-holt-werder-bremen-auch-noch-einen-ex-schalker-am-deadline-day#primaryimage\"},\"thumbnailUrl\":\"https:\\\/\\\/www.tipico.de\\\/wett-tipps\\\/wp-content\\\/uploads\\\/2026\\\/02\\\/Werder-Bremen-fans-news-recMgXWlTBhLMJC48-2.webp\",\"datePublished\":\"2026-09-01T12:35:16+00:00\",\"dateModified\":\"2026-09-01T12:41:25+00:00\",\"description\":\"Nach der 1:4-Klatsche in Freiburg wird Werder Bremen kurz vor Transferschluss noch einmal aktiv: Ein Ex-Schalker kommt an die Weser.\",\"breadcrumb\":{\"@id\":\"https:\\\/\\\/www.tipico.de\\\/wett-tipps\\\/sportwetten-news\\\/jetzt-holt-werder-bremen-auch-noch-einen-ex-schalker-am-deadline-day#breadcrumb\"},\"inLanguage\":\"de\",\"potentialAction\":[{\"@type\":\"ReadAction\",\"target\":[\"https:\\\/\\\/www.tipico.de\\\/wett-tipps\\\/sportwetten-news\\\/jetzt-holt-werder-bremen-auch-noch-einen-ex-schalker-am-deadline-day\"]}]},{\"@type\":\"ImageObject\",\"inLanguage\":\"de\",\"@id\":\"https:\\\/\\\/www.tipico.de\\\/wett-tipps\\\/sportwetten-news\\\/jetzt-holt-werder-bremen-auch-noch-einen-ex-schalker-am-deadline-day#primaryimage\",\"url\":\"https:\\\/\\\/www.tipico.de\\\/wett-tipps\\\/wp-content\\\/uploads\\\/2026\\\/02\\\/Werder-Bremen-fans-news-recMgXWlTBhLMJC48-2.webp\",\"contentUrl\":\"https:\\\/\\\/www.tipico.de\\\/wett-tipps\\\/wp-content\\\/uploads\\\/2026\\\/02\\\/Werder-Bremen-fans-news-recMgXWlTBhLMJC48-2.webp\",\"width\":1408,\"height\":768,\"caption\":\"Werder Bremen-fans-news\"},{\"@type\":\"BreadcrumbList\",\"@id\":\"https:\\\/\\\/www.tipico.de\\\/wett-tipps\\\/sportwetten-news\\\/jetzt-holt-werder-bremen-auch-noch-einen-ex-schalker-am-deadline-day#breadcrumb\",\"itemListElement\":[{\"@type\":\"ListItem\",\"position\":1,\"name\":\"Start\",\"item\":\"https:\\\/\\\/www.tipico.de\\\/wett-tipps\\\/\"},{\"@type\":\"ListItem\",\"position\":2,\"name\":\"Fu\u00dfball heute\",\"item\":\"https:\\\/\\\/www.tipico.de\\\/wett-tipps\\\/sportwetten-news\\\/category\\\/fussball-heute\"},{\"@type\":\"ListItem\",\"position\":3,\"name\":\"Jetzt holt Werder Bremen auch noch einen Ex-Schalker am Deadline Day!\"}]},{\"@type\":\"WebSite\",\"@id\":\"https:\\\/\\\/www.tipico.de\\\/wett-tipps\\\/#website\",\"url\":\"https:\\\/\\\/www.tipico.de\\\/wett-tipps\\\/\",\"name\":\"Tipico Wett Tipps\",\"description\":\"Wett Tipps heute &amp; aktuelle Sportwetten News\",\"publisher\":{\"@id\":\"https:\\\/\\\/www.tipico.de\\\/wett-tipps\\\/#organization\"},\"potentialAction\":[{\"@type\":\"SearchAction\",\"target\":{\"@type\":\"EntryPoint\",\"urlTemplate\":\"https:\\\/\\\/www.tipico.de\\\/wett-tipps\\\/?s={search_term_string}\"},\"query-input\":{\"@type\":\"PropertyValueSpecification\",\"valueRequired\":true,\"valueName\":\"search_term_string\"}}],\"inLanguage\":\"de\"},{\"@type\":\"Organization\",\"@id\":\"https:\\\/\\\/www.tipico.de\\\/wett-tipps\\\/#organization\",\"name\":\"Tipico\",\"url\":\"https:\\\/\\\/www.tipico.de\\\/wett-tipps\\\/\",\"logo\":{\"@type\":\"ImageObject\",\"inLanguage\":\"de\",\"@id\":\"https:\\\/\\\/www.tipico.de\\\/wett-tipps\\\/#\\\/schema\\\/logo\\\/image\\\/\",\"url\":\"https:\\\/\\\/www.tipico.de\\\/wett-tipps\\\/wp-content\\\/uploads\\\/2021\\\/02\\\/logo.svg\",\"contentUrl\":\"https:\\\/\\\/www.tipico.de\\\/wett-tipps\\\/wp-content\\\/uploads\\\/2021\\\/02\\\/logo.svg\",\"width\":\"1024\",\"height\":\"1024\",\"caption\":\"Tipico\"},\"image\":{\"@id\":\"https:\\\/\\\/www.tipico.de\\\/wett-tipps\\\/#\\\/schema\\\/logo\\\/image\\\/\"},\"sameAs\":[\"https:\\\/\\\/www.facebook.com\\\/tipico\\\/\",\"https:\\\/\\\/x.com\\\/Tipico_de\"]},{\"@type\":\"Person\",\"@id\":\"https:\\\/\\\/www.tipico.de\\\/wett-tipps\\\/#\\\/schema\\\/person\\\/ea57823e6961293ba011e93ac8befdd8\",\"name\":\"Christian Becker\",\"image\":{\"@type\":\"ImageObject\",\"inLanguage\":\"de\",\"@id\":\"https:\\\/\\\/secure.gravatar.com\\\/avatar\\\/545d34908c434b2bc0f2c1e8b16ffdfa015e88a8caca982cde90fead4d95cd00?s=96&d=mm&r=g\",\"url\":\"https:\\\/\\\/secure.gravatar.com\\\/avatar\\\/545d34908c434b2bc0f2c1e8b16ffdfa015e88a8caca982cde90fead4d95cd00?s=96&d=mm&r=g\",\"contentUrl\":\"https:\\\/\\\/secure.gravatar.com\\\/avatar\\\/545d34908c434b2bc0f2c1e8b16ffdfa015e88a8caca982cde90fead4d95cd00?s=96&d=mm&r=g\",\"caption\":\"Christian Becker\"},\"description\":\"Christian Becker schreibt f\u00fcr den Sport-Blog vor allem \u00fcber internationalen und deutschsprachigen Fu\u00dfball. Besonders intensiv verfolgt er Spiele von Real Madrid sowie Begegnungen der Fu\u00dfball-Bundesliga und der Champions League. Neben Fu\u00dfball besch\u00e4ftigt er sich auch mit Tennis und Tischtennis sowie mit gro\u00dfen internationalen Sportereignissen wie den Olympischen Spielen. In seinen Beitr\u00e4gen arbeitet Christian intensiv mit Statistiken, Formkurven und weiteren Leistungsdaten. Auf Basis dieser Daten erstellt er fundierte Analysen, Prognosen und Tipps zu den wichtigsten Spielen und Sportevents.\",\"url\":\"https:\\\/\\\/www.tipico.de\\\/wett-tipps\\\/author\\\/christian-becker\"}]}<\/script>\n<!-- \/ Yoast SEO Premium plugin. -->","yoast_head_json":{"title":"Jetzt holt Werder Bremen auch noch einen Ex-Schalker am Deadline Day!","description":"Nach der 1:4-Klatsche in Freiburg wird Werder Bremen kurz vor Transferschluss noch einmal aktiv: Ein Ex-Schalker kommt an die Weser.","robots":{"index":"index","follow":"follow","max-snippet":"max-snippet:-1","max-image-preview":"max-image-preview:large","max-video-preview":"max-video-preview:-1"},"canonical":"https:\/\/www.tipico.de\/wett-tipps\/sportwetten-news\/jetzt-holt-werder-bremen-auch-noch-einen-ex-schalker-am-deadline-day","og_locale":"de_DE","og_type":"article","og_title":"Jetzt holt Werder Bremen auch noch einen Ex-Schalker am Deadline Day!","og_description":"Nach der 1:4-Klatsche in Freiburg wird Werder Bremen kurz vor Transferschluss noch einmal aktiv: Ein Ex-Schalker kommt an die Weser.","og_url":"https:\/\/www.tipico.de\/wett-tipps\/sportwetten-news\/jetzt-holt-werder-bremen-auch-noch-einen-ex-schalker-am-deadline-day","og_site_name":"Tipico Wett Tipps","article_publisher":"https:\/\/www.facebook.com\/tipico\/","article_published_time":"2026-09-01T12:35:16+00:00","article_modified_time":"2026-09-01T12:41:25+00:00","og_image":[{"width":1408,"height":768,"url":"https:\/\/www.tipico.de\/wett-tipps\/wp-content\/uploads\/2026\/02\/Werder-Bremen-fans-news-recMgXWlTBhLMJC48-2.webp","type":"image\/webp"}],"author":"Christian Becker","twitter_card":"summary_large_image","twitter_creator":"@Tipico_de","twitter_site":"@Tipico_de","twitter_misc":{"Verfasst von":"Christian Becker","Gesch\u00e4tzte Lesezeit":"3\u00a0Minuten"},"schema":{"@context":"https:\/\/schema.org","@graph":[{"@type":"NewsArticle","@id":"https:\/\/www.tipico.de\/wett-tipps\/sportwetten-news\/jetzt-holt-werder-bremen-auch-noch-einen-ex-schalker-am-deadline-day#article","isPartOf":{"@id":"https:\/\/www.tipico.de\/wett-tipps\/sportwetten-news\/jetzt-holt-werder-bremen-auch-noch-einen-ex-schalker-am-deadline-day"},"author":{"name":"Christian Becker","@id":"https:\/\/www.tipico.de\/wett-tipps\/#\/schema\/person\/ea57823e6961293ba011e93ac8befdd8"},"headline":"Jetzt holt Werder Bremen auch noch einen Ex-Schalker am Deadline Day!","datePublished":"2026-09-01T12:35:16+00:00","dateModified":"2026-09-01T12:41:25+00:00","mainEntityOfPage":{"@id":"https:\/\/www.tipico.de\/wett-tipps\/sportwetten-news\/jetzt-holt-werder-bremen-auch-noch-einen-ex-schalker-am-deadline-day"},"wordCount":401,"publisher":{"@id":"https:\/\/www.tipico.de\/wett-tipps\/#organization"},"image":{"@id":"https:\/\/www.tipico.de\/wett-tipps\/sportwetten-news\/jetzt-holt-werder-bremen-auch-noch-einen-ex-schalker-am-deadline-day#primaryimage"},"thumbnailUrl":"https:\/\/www.tipico.de\/wett-tipps\/wp-content\/uploads\/2026\/02\/Werder-Bremen-fans-news-recMgXWlTBhLMJC48-2.webp","keywords":["Bremen","FC Schalke 04","SV Werder Bremen"],"inLanguage":"de","copyrightYear":"2026","copyrightHolder":{"@id":"https:\/\/www.tipico.de\/wett-tipps\/#organization"}},{"@type":"WebPage","@id":"https:\/\/www.tipico.de\/wett-tipps\/sportwetten-news\/jetzt-holt-werder-bremen-auch-noch-einen-ex-schalker-am-deadline-day","url":"https:\/\/www.tipico.de\/wett-tipps\/sportwetten-news\/jetzt-holt-werder-bremen-auch-noch-einen-ex-schalker-am-deadline-day","name":"Jetzt holt Werder Bremen auch noch einen Ex-Schalker am Deadline Day!","isPartOf":{"@id":"https:\/\/www.tipico.de\/wett-tipps\/#website"},"primaryImageOfPage":{"@id":"https:\/\/www.tipico.de\/wett-tipps\/sportwetten-news\/jetzt-holt-werder-bremen-auch-noch-einen-ex-schalker-am-deadline-day#primaryimage"},"image":{"@id":"https:\/\/www.tipico.de\/wett-tipps\/sportwetten-news\/jetzt-holt-werder-bremen-auch-noch-einen-ex-schalker-am-deadline-day#primaryimage"},"thumbnailUrl":"https:\/\/www.tipico.de\/wett-tipps\/wp-content\/uploads\/2026\/02\/Werder-Bremen-fans-news-recMgXWlTBhLMJC48-2.webp","datePublished":"2026-09-01T12:35:16+00:00","dateModified":"2026-09-01T12:41:25+00:00","description":"Nach der 1:4-Klatsche in Freiburg wird Werder Bremen kurz vor Transferschluss noch einmal aktiv: Ein Ex-Schalker kommt an die Weser.","breadcrumb":{"@id":"https:\/\/www.tipico.de\/wett-tipps\/sportwetten-news\/jetzt-holt-werder-bremen-auch-noch-einen-ex-schalker-am-deadline-day#breadcrumb"},"inLanguage":"de","potentialAction":[{"@type":"ReadAction","target":["https:\/\/www.tipico.de\/wett-tipps\/sportwetten-news\/jetzt-holt-werder-bremen-auch-noch-einen-ex-schalker-am-deadline-day"]}]},{"@type":"ImageObject","inLanguage":"de","@id":"https:\/\/www.tipico.de\/wett-tipps\/sportwetten-news\/jetzt-holt-werder-bremen-auch-noch-einen-ex-schalker-am-deadline-day#primaryimage","url":"https:\/\/www.tipico.de\/wett-tipps\/wp-content\/uploads\/2026\/02\/Werder-Bremen-fans-news-recMgXWlTBhLMJC48-2.webp","contentUrl":"https:\/\/www.tipico.de\/wett-tipps\/wp-content\/uploads\/2026\/02\/Werder-Bremen-fans-news-recMgXWlTBhLMJC48-2.webp","width":1408,"height":768,"caption":"Werder Bremen-fans-news"},{"@type":"BreadcrumbList","@id":"https:\/\/www.tipico.de\/wett-tipps\/sportwetten-news\/jetzt-holt-werder-bremen-auch-noch-einen-ex-schalker-am-deadline-day#breadcrumb","itemListElement":[{"@type":"ListItem","position":1,"name":"Start","item":"https:\/\/www.tipico.de\/wett-tipps\/"},{"@type":"ListItem","position":2,"name":"Fu\u00dfball heute","item":"https:\/\/www.tipico.de\/wett-tipps\/sportwetten-news\/category\/fussball-heute"},{"@type":"ListItem","position":3,"name":"Jetzt holt Werder Bremen auch noch einen Ex-Schalker am Deadline Day!"}]},{"@type":"WebSite","@id":"https:\/\/www.tipico.de\/wett-tipps\/#website","url":"https:\/\/www.tipico.de\/wett-tipps\/","name":"Tipico Wett Tipps","description":"Wett Tipps heute &amp; aktuelle Sportwetten News","publisher":{"@id":"https:\/\/www.tipico.de\/wett-tipps\/#organization"},"potentialAction":[{"@type":"SearchAction","target":{"@type":"EntryPoint","urlTemplate":"https:\/\/www.tipico.de\/wett-tipps\/?s={search_term_string}"},"query-input":{"@type":"PropertyValueSpecification","valueRequired":true,"valueName":"search_term_string"}}],"inLanguage":"de"},{"@type":"Organization","@id":"https:\/\/www.tipico.de\/wett-tipps\/#organization","name":"Tipico","url":"https:\/\/www.tipico.de\/wett-tipps\/","logo":{"@type":"ImageObject","inLanguage":"de","@id":"https:\/\/www.tipico.de\/wett-tipps\/#\/schema\/logo\/image\/","url":"https:\/\/www.tipico.de\/wett-tipps\/wp-content\/uploads\/2021\/02\/logo.svg","contentUrl":"https:\/\/www.tipico.de\/wett-tipps\/wp-content\/uploads\/2021\/02\/logo.svg","width":"1024","height":"1024","caption":"Tipico"},"image":{"@id":"https:\/\/www.tipico.de\/wett-tipps\/#\/schema\/logo\/image\/"},"sameAs":["https:\/\/www.facebook.com\/tipico\/","https:\/\/x.com\/Tipico_de"]},{"@type":"Person","@id":"https:\/\/www.tipico.de\/wett-tipps\/#\/schema\/person\/ea57823e6961293ba011e93ac8befdd8","name":"Christian Becker","image":{"@type":"ImageObject","inLanguage":"de","@id":"https:\/\/secure.gravatar.com\/avatar\/545d34908c434b2bc0f2c1e8b16ffdfa015e88a8caca982cde90fead4d95cd00?s=96&d=mm&r=g","url":"https:\/\/secure.gravatar.com\/avatar\/545d34908c434b2bc0f2c1e8b16ffdfa015e88a8caca982cde90fead4d95cd00?s=96&d=mm&r=g","contentUrl":"https:\/\/secure.gravatar.com\/avatar\/545d34908c434b2bc0f2c1e8b16ffdfa015e88a8caca982cde90fead4d95cd00?s=96&d=mm&r=g","caption":"Christian Becker"},"description":"Christian Becker schreibt f\u00fcr den Sport-Blog vor allem \u00fcber internationalen und deutschsprachigen Fu\u00dfball. Besonders intensiv verfolgt er Spiele von Real Madrid sowie Begegnungen der Fu\u00dfball-Bundesliga und der Champions League. Neben Fu\u00dfball besch\u00e4ftigt er sich auch mit Tennis und Tischtennis sowie mit gro\u00dfen internationalen Sportereignissen wie den Olympischen Spielen. In seinen Beitr\u00e4gen arbeitet Christian intensiv mit Statistiken, Formkurven und weiteren Leistungsdaten. Auf Basis dieser Daten erstellt er fundierte Analysen, Prognosen und Tipps zu den wichtigsten Spielen und Sportevents.","url":"https:\/\/www.tipico.de\/wett-tipps\/author\/christian-becker"}]}},"_links":{"self":[{"href":"https:\/\/www.tipico.de\/wett-tipps\/wp-json\/wp\/v2\/posts\/497671","targetHints":{"allow":["GET"]}}],"collection":[{"href":"https:\/\/www.tipico.de\/wett-tipps\/wp-json\/wp\/v2\/posts"}],"about":[{"href":"https:\/\/www.tipico.de\/wett-tipps\/wp-json\/wp\/v2\/types\/post"}],"author":[{"embeddable":true,"href":"https:\/\/www.tipico.de\/wett-tipps\/wp-json\/wp\/v2\/users\/59"}],"replies":[{"embeddable":true,"href":"https:\/\/www.tipico.de\/wett-tipps\/wp-json\/wp\/v2\/comments?post=497671"}],"version-history":[{"count":4,"href":"https:\/\/www.tipico.de\/wett-tipps\/wp-json\/wp\/v2\/posts\/497671\/revisions"}],"predecessor-version":[{"id":497686,"href":"https:\/\/www.tipico.de\/wett-tipps\/wp-json\/wp\/v2\/posts\/497671\/revisions\/497686"}],"wp:featuredmedia":[{"embeddable":true,"href":"https:\/\/www.tipico.de\/wett-tipps\/wp-json\/wp\/v2\/media\/419248"}],"wp:attachment":[{"href":"https:\/\/www.tipico.de\/wett-tipps\/wp-json\/wp\/v2\/media?parent=497671"}],"wp:term":[{"taxonomy":"post_tag","embeddable":true,"href":"https:\/\/www.tipico.de\/wett-tipps\/wp-json\/wp\/v2\/tags?post=497671"},{"taxonomy":"news-category","embeddable":true,"href":"https:\/\/www.tipico.de\/wett-tipps\/wp-json\/wp\/v2\/news-category?post=497671"},{"taxonomy":"sport-news","embeddable":true,"href":"https:\/\/www.tipico.de\/wett-tipps\/wp-json\/wp\/v2\/sport-news?post=497671"}],"curies":[{"name":"wp","href":"https:\/\/api.w.org\/{rel}","templated":true}]}}